{"id":13888,"date":"2022-12-14T15:35:39","date_gmt":"2022-12-14T18:35:39","guid":{"rendered":"http:\/\/dgospel.com.br\/portal\/?p=13888"},"modified":"2022-12-14T15:35:41","modified_gmt":"2022-12-14T18:35:41","slug":"67-deputados-se-posicionam-contra-pec-de-transicao-saiba-quem-sao","status":"publish","type":"post","link":"https:\/\/dgospel.com.br\/portal\/index.php\/2022\/12\/14\/67-deputados-se-posicionam-contra-pec-de-transicao-saiba-quem-sao\/","title":{"rendered":"67 deputados se posicionam contra PEC de Transi\u00e7\u00e3o. Saiba quem s\u00e3o"},"content":{"rendered":"\n<p>Ap\u00f3s o relator da PEC de Transi\u00e7\u00e3o, Elmar Nascimento (UNIAO-BA), afirmar que n\u00e3o garante que o texto votado ser\u00e1 o mesmo aprovado no Senado, cerca de 67 deputados tornaram p\u00fablica sua posi\u00e7\u00e3o contra o texto da PEC do Lula, que \u2018amplia\u2019 o teto de gastos em at\u00e9 R$ 145 bilh\u00f5es.<\/p>\n\n\n\n<p>Os parlamentares da base governista Daniel Silveira (PTB-RJ), Bia Kicis (PL-DF), Carla Zambelli (PL-SP), e do Novo como Vinicius Poit (SP), Marcel Van Hattem (RS) e Paulo Ganime (RJ) alegam que a inseguran\u00e7a a respeito do texto n\u00e3o somente pode representar um desajuste nas contas p\u00fablicas, como tamb\u00e9m a m\u00e1 sinaliza\u00e7\u00e3o que o governo eleito vem dando ao mercado financeiro, ao indicar, por exemplo, Fernando Haddad para o Minist\u00e9rio da Fazenda. A lista de parlamentares contra continua crescendo diante da inseguran\u00e7a sobre o texto que ser\u00e1 votado aumenta.<\/p>\n\n\n\n<p><strong>Confira a lista completa dos deputados que se posicionaram contra:<br><\/strong>1. Sanderson<br>2. Luiz Philippe<br>3. Chris Tonietto<br>4. Carlos Jordy<br>5. Daniel Silveira<br>6. Cabo Junio Amaral<br>7. Eduardo Bolsonaro<br>8. Bia Kicis<br>9. General Gir\u00e3o<br>10. Paulo Eduardo Martins<br>11. Giovani Cherini<br>12. Onix Lorenzoni<br>13. H\u00e9lio Lopes<br>14. Gilson Marques<br>15. Marcel Van Hattem<br>16. Tiago Mitraud<br>17. Lucas Gonzalez<br>18. Alexis Fonteyne<br>19. Paulo Ganime<br>20. Vinicius Poit<br>21. Adriana Ventura<br>22. Carol De Toni<br>23. Coronel Chris\u00f3stomo<br>24. Bibo Nunes<br>25. Mara Rocha<br>26. Rosana Valle<br>27. Vermelho<br>28. Luiz Lima<br>29. Marcelo \u00c1lvaro Ant\u00f4nio<br>30. Eros Biondini<br>31. Aline Sleutjes<br>32. Jefferson Campos<br>33. Domingos Savio<br>34. Carla Zambelli<br>35. S\u00f3stenes Cavalcante<br>36. Capit\u00e3o Augusto<br>37. Magda Moffato<br>38. Doutor Frederico<br>39. Paula Belmonte<br>40. M\u00e1rcio Labre<br>41. Policial Katia Sastre<br>42. Pastor Marco Feliciano.<br>43. Jos\u00e9 Medeiros<br>44. Zacarias Calil<br>45. Major Vitor Hugo<br>46. Capit\u00e3o Alberto Neto<br>47. Daniel Freitas<br>48. Emidinho<br>49. Coronel Armando<br>50. Nelson Barbudo<br>51. Marcelo Moraes<br>52. Filipe Barros<br>53. Coronel Tadeu<br>54. Joaquim Passarinho<br>55. Silvia Cristina<br>56. Eli Borges<br>57. Otoni de Paula<br>58. Evair de Melo<br>59. General Peternelli<br>60. Paulo Freire Costa<br>61. Z\u00e9 Vitor<br>62. Charlles Evangelista<br>63. Miguel Lombardi<br>64. Luiz Ovando<br>65. Carlos Sampaio<br>66. Rodrigo Coelho<br>67. Kim Kataguiri<\/p>\n","protected":false},"excerpt":{"rendered":"<p>Ap\u00f3s o relator da PEC de Transi\u00e7\u00e3o, Elmar Nascimento (UNIAO-BA), afirmar que n\u00e3o garante que o texto votado ser\u00e1 o mesmo aprovado no Senado, cerca de 67 deputados tornaram p\u00fablica sua posi\u00e7\u00e3o contra o texto da PEC do Lula, que \u2018amplia\u2019 o teto de gastos em at\u00e9 R$ 145 bilh\u00f5es. Os parlamentares da base governista [&hellip;]<\/p>\n","protected":false},"author":2,"featured_media":13889,"comment_status":"open","ping_status":"open","sticky":false,"template":"","format":"standard","meta":[],"categories":[8],"tags":[13],"_links":{"self":[{"href":"https:\/\/dgospel.com.br\/portal\/index.php\/wp-json\/wp\/v2\/posts\/13888"}],"collection":[{"href":"https:\/\/dgospel.com.br\/portal\/index.php\/wp-json\/wp\/v2\/posts"}],"about":[{"href":"https:\/\/dgospel.com.br\/portal\/index.php\/wp-json\/wp\/v2\/types\/post"}],"author":[{"embeddable":true,"href":"https:\/\/dgospel.com.br\/portal\/index.php\/wp-json\/wp\/v2\/users\/2"}],"replies":[{"embeddable":true,"href":"https:\/\/dgospel.com.br\/portal\/index.php\/wp-json\/wp\/v2\/comments?post=13888"}],"version-history":[{"count":1,"href":"https:\/\/dgospel.com.br\/portal\/index.php\/wp-json\/wp\/v2\/posts\/13888\/revisions"}],"predecessor-version":[{"id":13890,"href":"https:\/\/dgospel.com.br\/portal\/index.php\/wp-json\/wp\/v2\/posts\/13888\/revisions\/13890"}],"wp:featuredmedia":[{"embeddable":true,"href":"https:\/\/dgospel.com.br\/portal\/index.php\/wp-json\/wp\/v2\/media\/13889"}],"wp:attachment":[{"href":"https:\/\/dgospel.com.br\/portal\/index.php\/wp-json\/wp\/v2\/media?parent=13888"}],"wp:term":[{"taxonomy":"category","embeddable":true,"href":"https:\/\/dgospel.com.br\/portal\/index.php\/wp-json\/wp\/v2\/categories?post=13888"},{"taxonomy":"post_tag","embeddable":true,"href":"https:\/\/dgospel.com.br\/portal\/index.php\/wp-json\/wp\/v2\/tags?post=13888"}],"curies":[{"name":"wp","href":"https:\/\/api.w.org\/{rel}","templated":true}]}}