{"id":13894,"date":"2022-12-14T16:31:20","date_gmt":"2022-12-14T19:31:20","guid":{"rendered":"http:\/\/dgospel.com.br\/portal\/?p=13894"},"modified":"2022-12-14T16:31:21","modified_gmt":"2022-12-14T19:31:21","slug":"ameaca-moraes-diz-que-tem-muita-gente-para-prender-e-para-multar","status":"publish","type":"post","link":"https:\/\/dgospel.com.br\/portal\/index.php\/2022\/12\/14\/ameaca-moraes-diz-que-tem-muita-gente-para-prender-e-para-multar\/","title":{"rendered":"Amea\u00e7a: Moraes diz que tem muita gente para prender e para multar"},"content":{"rendered":"\n<p>No centro do debate pol\u00edtico sobre a recente elei\u00e7\u00e3o presidencial que deu vit\u00f3ria a Luiz In\u00e1cio Lula da Silva (PT), o presidente do Tribunal Superior Eleitoral (TSE) e ministro do Supremo Tribunal Federal (STF), Alexandre de Moraes, afirmou nesta quarta-feira (14) que \u201cainda tem muita gente para prender e muita multa para aplicar\u201d.<\/p>\n\n\n\n<p>A pol\u00eamica declara\u00e7\u00e3o foi feita durante discurso no semin\u00e1rio\u00a0<em>STF em A\u00e7\u00e3o<\/em>, com o tema\u00a0<em>O Guardi\u00e3o da Constitui\u00e7\u00e3o e a Harmonia entre os Poderes<\/em>.<\/p>\n\n\n\n<p>O ministro Dias Toffoli discursou antes de Moraes e citou a invas\u00e3o ao Capit\u00f3lio, no Estados Unidos, em janeiro de 2021, e afirmou que 964 pessoas foram detidas e duas condenadas por conspira\u00e7\u00e3o.<\/p>\n\n\n\n<p>Moraes pegou o gancho e utilizou a fala do colega e disparou:<\/p>\n\n\n\n<p>\u2013 Fiquei feliz com a fala do ministro Toffoli porque, comparando os n\u00fameros, ainda tem muita gente para prender e muita multa para aplicar.<\/p>\n","protected":false},"excerpt":{"rendered":"<p>No centro do debate pol\u00edtico sobre a recente elei\u00e7\u00e3o presidencial que deu vit\u00f3ria a Luiz In\u00e1cio Lula da Silva (PT), o presidente do Tribunal Superior Eleitoral (TSE) e ministro do Supremo Tribunal Federal (STF), Alexandre de Moraes, afirmou nesta quarta-feira (14) que \u201cainda tem muita gente para prender e muita multa para aplicar\u201d. A pol\u00eamica [&hellip;]<\/p>\n","protected":false},"author":2,"featured_media":13895,"comment_status":"open","ping_status":"open","sticky":false,"template":"","format":"standard","meta":[],"categories":[10],"tags":[],"_links":{"self":[{"href":"https:\/\/dgospel.com.br\/portal\/index.php\/wp-json\/wp\/v2\/posts\/13894"}],"collection":[{"href":"https:\/\/dgospel.com.br\/portal\/index.php\/wp-json\/wp\/v2\/posts"}],"about":[{"href":"https:\/\/dgospel.com.br\/portal\/index.php\/wp-json\/wp\/v2\/types\/post"}],"author":[{"embeddable":true,"href":"https:\/\/dgospel.com.br\/portal\/index.php\/wp-json\/wp\/v2\/users\/2"}],"replies":[{"embeddable":true,"href":"https:\/\/dgospel.com.br\/portal\/index.php\/wp-json\/wp\/v2\/comments?post=13894"}],"version-history":[{"count":1,"href":"https:\/\/dgospel.com.br\/portal\/index.php\/wp-json\/wp\/v2\/posts\/13894\/revisions"}],"predecessor-version":[{"id":13896,"href":"https:\/\/dgospel.com.br\/portal\/index.php\/wp-json\/wp\/v2\/posts\/13894\/revisions\/13896"}],"wp:featuredmedia":[{"embeddable":true,"href":"https:\/\/dgospel.com.br\/portal\/index.php\/wp-json\/wp\/v2\/media\/13895"}],"wp:attachment":[{"href":"https:\/\/dgospel.com.br\/portal\/index.php\/wp-json\/wp\/v2\/media?parent=13894"}],"wp:term":[{"taxonomy":"category","embeddable":true,"href":"https:\/\/dgospel.com.br\/portal\/index.php\/wp-json\/wp\/v2\/categories?post=13894"},{"taxonomy":"post_tag","embeddable":true,"href":"https:\/\/dgospel.com.br\/portal\/index.php\/wp-json\/wp\/v2\/tags?post=13894"}],"curies":[{"name":"wp","href":"https:\/\/api.w.org\/{rel}","templated":true}]}}