{"id":1390,"date":"2018-09-20T13:31:52","date_gmt":"2018-09-20T16:31:52","guid":{"rendered":"http:\/\/dgospel.com.br\/portal\/?p=1390"},"modified":"2018-09-20T13:31:52","modified_gmt":"2018-09-20T16:31:52","slug":"laudo-confirma-que-prefeito-de-miracema-foi-assassinado","status":"publish","type":"post","link":"https:\/\/dgospel.com.br\/portal\/index.php\/2018\/09\/20\/laudo-confirma-que-prefeito-de-miracema-foi-assassinado\/","title":{"rendered":"Laudo confirma que prefeito de Miracema foi assassinado"},"content":{"rendered":"<p>O laudo pericial sobre a\u00a0<a href=\"https:\/\/g1.globo.com\/to\/tocantins\/noticia\/2018\/08\/30\/prefeito-de-miracema-e-encontrado-morto-apos-dispensar-escolta.ghtml\"><strong>morte do prefeito Mois\u00e9s Costa da Silva (MDB<\/strong><\/a>) confirmou a suspeita de que ele foi assassinado. O resultado ficou pronto nesta quarta-feira (20) e<a href=\"https:\/\/g1.globo.com\/to\/tocantins\/noticia\/2018\/08\/31\/policia-civil-tem-tres-linhas-de-investigacao-sobre-a-morte-do-prefeito-de-miracema.ghtml\"><strong>\u00a0descarta a hip\u00f3tese de que a v\u00edtima poderia ter se matado.<\/strong><\/a>\u00a0A Pol\u00edcia Civil tamb\u00e9m investiga a possibilidade de latroc\u00ednio, roubo seguido de morte.<\/p>\n<p>Mois\u00e9s da Sercon, como o prefeito era conhecido, foi encontrado morto com um tiro na cabe\u00e7a em uma estrada vicinal entre Miranorte e Rio dos Bois. Ele estava no banco do passageiro da pr\u00f3pria caminhonete.\u00a0<a href=\"https:\/\/g1.globo.com\/to\/tocantins\/noticia\/2018\/08\/30\/prefeito-encontrado-morto-estava-no-banco-do-passageiro-de-caminhonete-celular-e-carteira-nao-foram-localizados.ghtml\"><strong>O celular e a carteira da v\u00edtima n\u00e3o foram localizados.<\/strong><\/a><\/p>\n<p>Desde o in\u00edcio das investiga\u00e7\u00f5es parentes do prefeito\u00a0<a href=\"https:\/\/g1.globo.com\/to\/tocantins\/noticia\/2018\/08\/31\/nao-recebeu-ameacas-diz-irmao-sobre-prefeito-de-miracema-encontrado-morto.ghtml\"><strong>afirmaram que n\u00e3o acreditavam na hip\u00f3tese dele ter se matado<\/strong><\/a>. &#8220;Para mim, suic\u00eddio \u00e9 a hip\u00f3tese mais remota. As pessoas que cometem suic\u00eddio d\u00e3o sinais, ficam tristes. Ele estava normal, estava muito feliz. Tinha realizado todos os sonhos e iria iniciar tratamento para ter filhos&#8221;, contou Fidel Costa.<\/p>\n<p>Segundo a Secretaria de Seguran\u00e7a P\u00fablica (SSP), o laudo foi repassado para a Delegacia de Homic\u00eddios de Palmas. As investiga\u00e7\u00f5es est\u00e3o sendo realizadas por uma for\u00e7a-tarefa.<\/p>\n<p>&#8220;Com a confirma\u00e7\u00e3o da materialidade do delito, a Pol\u00edcia Civil do Tocantins, que j\u00e1 tinha o homic\u00eddio como principal linha de investiga\u00e7\u00e3o no seu trabalho, avan\u00e7a para desvendar este crime contra a vida de alta complexidade, a fim de que a sua autoria seja identificada com a celeridade e a efetividade necess\u00e1rias para uma justa responsabiliza\u00e7\u00e3o penal&#8221;, informou em nota.<\/p>\n<h2><strong>Entenda<\/strong><\/h2>\n<p>O prefeito de Miracema do Tocantins, Mois\u00e9s Costa da Silva (MDB),\u00a0<a style=\"font-style: inherit;\" href=\"https:\/\/g1.globo.com\/to\/tocantins\/noticia\/2018\/08\/30\/prefeito-encontrado-morto-estava-no-banco-do-passageiro-de-caminhonete-celular-e-carteira-nao-foram-localizados.ghtml\"><strong>foi encontrado morto na tarde de quinta-feira, 30 de a<\/strong><\/a>gosto. Segundo o irm\u00e3o dele, Fidel Costa, o a v\u00edtima estava em Miranorte e dispensou funcion\u00e1rios que o acompanhavam para fazer uma visita ao prefeito Ant\u00f4nio Carlos Martins (MDB).<\/p>\n<p data-track-category=\"Link no Texto\" data-track-links=\"\">Os funcion\u00e1rios e ficaram aguardando Mois\u00e9s Costa em um posto de combust\u00edveis, mas ele n\u00e3o retornou. O corpo foi localizado horas mais tarde dentro da caminhonete dele em uma rodovia que liga Miranorte a Rio dos Bois.<\/p>\n<p data-track-category=\"Link no Texto\" data-track-links=\"\">Mois\u00e9s Costa da Silva tinha 44 anos, era casado e trabalhou como empres\u00e1rio e contador na cidade. Ele se candidatou a um cargo p\u00fablico pela primeira vez em 2016. Foi eleito prefeito de Miracema com 84% dos votos v\u00e1lidos e estava no primeiro mandato.<\/p>\n<p><strong>Fonte: G1 Tocantins<\/strong><\/p>\n","protected":false},"excerpt":{"rendered":"<p>O laudo pericial sobre a\u00a0morte do prefeito Mois\u00e9s Costa da Silva (MDB) confirmou a suspeita de que ele foi assassinado. O resultado ficou pronto nesta quarta-feira (20) e\u00a0descarta a hip\u00f3tese de que a v\u00edtima poderia ter se matado.\u00a0A Pol\u00edcia Civil tamb\u00e9m investiga a possibilidade de latroc\u00ednio, roubo seguido de morte. Mois\u00e9s da Sercon, como o [&hellip;]<\/p>\n","protected":false},"author":2,"featured_media":1391,"comment_status":"open","ping_status":"open","sticky":false,"template":"","format":"standard","meta":[],"categories":[2,3],"tags":[],"_links":{"self":[{"href":"https:\/\/dgospel.com.br\/portal\/index.php\/wp-json\/wp\/v2\/posts\/1390"}],"collection":[{"href":"https:\/\/dgospel.com.br\/portal\/index.php\/wp-json\/wp\/v2\/posts"}],"about":[{"href":"https:\/\/dgospel.com.br\/portal\/index.php\/wp-json\/wp\/v2\/types\/post"}],"author":[{"embeddable":true,"href":"https:\/\/dgospel.com.br\/portal\/index.php\/wp-json\/wp\/v2\/users\/2"}],"replies":[{"embeddable":true,"href":"https:\/\/dgospel.com.br\/portal\/index.php\/wp-json\/wp\/v2\/comments?post=1390"}],"version-history":[{"count":1,"href":"https:\/\/dgospel.com.br\/portal\/index.php\/wp-json\/wp\/v2\/posts\/1390\/revisions"}],"predecessor-version":[{"id":1392,"href":"https:\/\/dgospel.com.br\/portal\/index.php\/wp-json\/wp\/v2\/posts\/1390\/revisions\/1392"}],"wp:featuredmedia":[{"embeddable":true,"href":"https:\/\/dgospel.com.br\/portal\/index.php\/wp-json\/wp\/v2\/media\/1391"}],"wp:attachment":[{"href":"https:\/\/dgospel.com.br\/portal\/index.php\/wp-json\/wp\/v2\/media?parent=1390"}],"wp:term":[{"taxonomy":"category","embeddable":true,"href":"https:\/\/dgospel.com.br\/portal\/index.php\/wp-json\/wp\/v2\/categories?post=1390"},{"taxonomy":"post_tag","embeddable":true,"href":"https:\/\/dgospel.com.br\/portal\/index.php\/wp-json\/wp\/v2\/tags?post=1390"}],"curies":[{"name":"wp","href":"https:\/\/api.w.org\/{rel}","templated":true}]}}