{"id":13909,"date":"2022-12-15T14:55:39","date_gmt":"2022-12-15T17:55:39","guid":{"rendered":"http:\/\/dgospel.com.br\/portal\/?p=13909"},"modified":"2022-12-15T14:55:39","modified_gmt":"2022-12-15T17:55:39","slug":"ladroes-deixam-de-levar-celular-ao-saber-que-vitima-era-pastor","status":"publish","type":"post","link":"https:\/\/dgospel.com.br\/portal\/index.php\/2022\/12\/15\/ladroes-deixam-de-levar-celular-ao-saber-que-vitima-era-pastor\/","title":{"rendered":"Ladr\u00f5es deixam de levar celular ao saber que v\u00edtima era pastor"},"content":{"rendered":"\n<p>Bandidos abordaram um motorista de aplicativo nesta ter\u00e7a-feira (13), durante uma corrida da Baixada Fluminense at\u00e9 a Zona Norte do Rio de Janeiro, mas decidiram fazer concess\u00f5es \u00e0 v\u00edtima ap\u00f3s tomarem conhecimento de que se tratava de um pastor evang\u00e9lico. Na ocasi\u00e3o, os criminosos levaram o carro, mas decidiram deixar o celular, a carteira e o dinheiro para que o homem pudesse retornar para casa.<\/p>\n\n\n\n<p>\u2013 Voc\u00ea \u00e9 evang\u00e9lico, eu te entendo \u2013 disse um deles.<\/p>\n\n\n\n<p>O caso ocorreu com o motorista Dhonne Costa de Britto Melo, de 37 anos. Em entrevista ao portal G1, ele explicou que os homens anunciaram o assalto no final da corrida, em Tom\u00e1s Coelho. O l\u00edder evang\u00e9lico detalhou que conseguiu gravar a a\u00e7\u00e3o dos bandidos com o celular.<\/p>\n\n\n\n<p>\u2013 Eu tive a ideia de solicitar o meu celular, a minha carteira e um valor para eu sair do local, at\u00e9 porque eu estava longe de casa. E eles assim concordaram, temeram ali por tudo o que, na mente de um deles, um pastor representava \u2013 relatou Melo.<\/p>\n\n\n\n<p>O desfecho da hist\u00f3ria foi feliz para o l\u00edder crist\u00e3o. Logo ap\u00f3s deixar o carro, ele encontrou uma viatura e foi transportado at\u00e9 a 44\u00aa DP (Inha\u00fama), registrando o boletim de ocorr\u00eancia do caso. Os policiais conseguiram localizar o carro nesta quarta-feira (14), que j\u00e1 foi devolvido ao dono. As autoridades trabalham para identificar os suspeitos.<\/p>\n","protected":false},"excerpt":{"rendered":"<p>Bandidos abordaram um motorista de aplicativo nesta ter\u00e7a-feira (13), durante uma corrida da Baixada Fluminense at\u00e9 a Zona Norte do Rio de Janeiro, mas decidiram fazer concess\u00f5es \u00e0 v\u00edtima ap\u00f3s tomarem conhecimento de que se tratava de um pastor evang\u00e9lico. Na ocasi\u00e3o, os criminosos levaram o carro, mas decidiram deixar o celular, a carteira e [&hellip;]<\/p>\n","protected":false},"author":2,"featured_media":13910,"comment_status":"open","ping_status":"open","sticky":false,"template":"","format":"standard","meta":[],"categories":[5],"tags":[],"_links":{"self":[{"href":"https:\/\/dgospel.com.br\/portal\/index.php\/wp-json\/wp\/v2\/posts\/13909"}],"collection":[{"href":"https:\/\/dgospel.com.br\/portal\/index.php\/wp-json\/wp\/v2\/posts"}],"about":[{"href":"https:\/\/dgospel.com.br\/portal\/index.php\/wp-json\/wp\/v2\/types\/post"}],"author":[{"embeddable":true,"href":"https:\/\/dgospel.com.br\/portal\/index.php\/wp-json\/wp\/v2\/users\/2"}],"replies":[{"embeddable":true,"href":"https:\/\/dgospel.com.br\/portal\/index.php\/wp-json\/wp\/v2\/comments?post=13909"}],"version-history":[{"count":1,"href":"https:\/\/dgospel.com.br\/portal\/index.php\/wp-json\/wp\/v2\/posts\/13909\/revisions"}],"predecessor-version":[{"id":13911,"href":"https:\/\/dgospel.com.br\/portal\/index.php\/wp-json\/wp\/v2\/posts\/13909\/revisions\/13911"}],"wp:featuredmedia":[{"embeddable":true,"href":"https:\/\/dgospel.com.br\/portal\/index.php\/wp-json\/wp\/v2\/media\/13910"}],"wp:attachment":[{"href":"https:\/\/dgospel.com.br\/portal\/index.php\/wp-json\/wp\/v2\/media?parent=13909"}],"wp:term":[{"taxonomy":"category","embeddable":true,"href":"https:\/\/dgospel.com.br\/portal\/index.php\/wp-json\/wp\/v2\/categories?post=13909"},{"taxonomy":"post_tag","embeddable":true,"href":"https:\/\/dgospel.com.br\/portal\/index.php\/wp-json\/wp\/v2\/tags?post=13909"}],"curies":[{"name":"wp","href":"https:\/\/api.w.org\/{rel}","templated":true}]}}