{"id":13915,"date":"2022-12-16T10:25:12","date_gmt":"2022-12-16T13:25:12","guid":{"rendered":"http:\/\/dgospel.com.br\/portal\/?p=13915"},"modified":"2022-12-16T10:25:13","modified_gmt":"2022-12-16T13:25:13","slug":"moraes-fala-em-extincao-do-partido-de-bolsonaro","status":"publish","type":"post","link":"https:\/\/dgospel.com.br\/portal\/index.php\/2022\/12\/16\/moraes-fala-em-extincao-do-partido-de-bolsonaro\/","title":{"rendered":"Moraes fala em \u2018extin\u00e7\u00e3o\u2019 do partido de Bolsonaro"},"content":{"rendered":"\n<p>Durante o julgamento de um recurso do Partido Liberal (PL), do presidente Jair Bolsonaro, contra uma multa de pouco mais de R$ 20 milh\u00f5es, o presidente do&nbsp;<a href=\"https:\/\/www.tse.jus.br\/\" target=\"_blank\" rel=\"noreferrer noopener\"><strong>Tribunal Superior Eleitoral (TSE)<\/strong><\/a>, Alexandre de Moraes, falou em \u201cextinguir\u201d a sigla. Na quinta-feira 15, a maioria de ministros do TSE acompanhou Moraes e negou a a\u00e7\u00e3o do partido.<\/p>\n\n\n\n<p>Os magistrados tamb\u00e9m mantiveram a suspens\u00e3o do fundo partid\u00e1rio e das contas do partido. O \u00fanico integrante da Corte a interpelar a decis\u00e3o foi Raul Ara\u00fajo. Ele considerou exagerado o valor da multa e avaliou que o bloqueio das contas deveria se restringir a 30% dos valores at\u00e9 o pagamento da multa.<\/p>\n\n\n\n<p>\u201c\u00c9 importante lembrar, para quem nos ouve, que o partido ser\u00e1 investigado pelo corregedor de of\u00edcio e no inqu\u00e9rito do qual eu sou relator, porque n\u00e3o \u00e9 poss\u00edvel que partidos pol\u00edticos financiados basicamente com recursos p\u00fablicos atentem contra a democracia\u201d, disse Moraes. \u201cIsso \u00e9 um desvio de finalidade que, inclusive, pode acabar com a extin\u00e7\u00e3o do pr\u00f3prio partido.\u201d<\/p>\n\n\n\n<p>A penalidade determinada por Moraes se deu depois de o partido de Bolsonaro enviar ao TSE uma auditoria das urnas eletr\u00f4nicas que constatou irregularidades. Por isso, solicitou a anula\u00e7\u00e3o de votos em 300 mil urnas do segundo turno das elei\u00e7\u00f5es.<\/p>\n","protected":false},"excerpt":{"rendered":"<p>Durante o julgamento de um recurso do Partido Liberal (PL), do presidente Jair Bolsonaro, contra uma multa de pouco mais de R$ 20 milh\u00f5es, o presidente do&nbsp;Tribunal Superior Eleitoral (TSE), Alexandre de Moraes, falou em \u201cextinguir\u201d a sigla. Na quinta-feira 15, a maioria de ministros do TSE acompanhou Moraes e negou a a\u00e7\u00e3o do partido. [&hellip;]<\/p>\n","protected":false},"author":2,"featured_media":13916,"comment_status":"open","ping_status":"open","sticky":false,"template":"","format":"standard","meta":[],"categories":[4],"tags":[],"_links":{"self":[{"href":"https:\/\/dgospel.com.br\/portal\/index.php\/wp-json\/wp\/v2\/posts\/13915"}],"collection":[{"href":"https:\/\/dgospel.com.br\/portal\/index.php\/wp-json\/wp\/v2\/posts"}],"about":[{"href":"https:\/\/dgospel.com.br\/portal\/index.php\/wp-json\/wp\/v2\/types\/post"}],"author":[{"embeddable":true,"href":"https:\/\/dgospel.com.br\/portal\/index.php\/wp-json\/wp\/v2\/users\/2"}],"replies":[{"embeddable":true,"href":"https:\/\/dgospel.com.br\/portal\/index.php\/wp-json\/wp\/v2\/comments?post=13915"}],"version-history":[{"count":1,"href":"https:\/\/dgospel.com.br\/portal\/index.php\/wp-json\/wp\/v2\/posts\/13915\/revisions"}],"predecessor-version":[{"id":13917,"href":"https:\/\/dgospel.com.br\/portal\/index.php\/wp-json\/wp\/v2\/posts\/13915\/revisions\/13917"}],"wp:featuredmedia":[{"embeddable":true,"href":"https:\/\/dgospel.com.br\/portal\/index.php\/wp-json\/wp\/v2\/media\/13916"}],"wp:attachment":[{"href":"https:\/\/dgospel.com.br\/portal\/index.php\/wp-json\/wp\/v2\/media?parent=13915"}],"wp:term":[{"taxonomy":"category","embeddable":true,"href":"https:\/\/dgospel.com.br\/portal\/index.php\/wp-json\/wp\/v2\/categories?post=13915"},{"taxonomy":"post_tag","embeddable":true,"href":"https:\/\/dgospel.com.br\/portal\/index.php\/wp-json\/wp\/v2\/tags?post=13915"}],"curies":[{"name":"wp","href":"https:\/\/api.w.org\/{rel}","templated":true}]}}