{"id":13918,"date":"2022-12-16T10:45:37","date_gmt":"2022-12-16T13:45:37","guid":{"rendered":"http:\/\/dgospel.com.br\/portal\/?p=13918"},"modified":"2022-12-16T10:45:38","modified_gmt":"2022-12-16T13:45:38","slug":"sadi-critica-escolhas-do-pt-dilma-3-que-governo-e-esse","status":"publish","type":"post","link":"https:\/\/dgospel.com.br\/portal\/index.php\/2022\/12\/16\/sadi-critica-escolhas-do-pt-dilma-3-que-governo-e-esse\/","title":{"rendered":"Sadi critica escolhas do PT: \u201cDilma 3? Que governo \u00e9 esse?\u201d"},"content":{"rendered":"\n<p>Nesta quarta-feira (14), a jornalista Andr\u00e9ia Sadi se manifestou a respeito das escolhas de Lula (PT) para seu governo. Ela criticou a indica\u00e7\u00e3o do nome de Aloizio Mercadante para o comando do Banco Nacional de Desenvolvimento Econ\u00f4mico Social (BNDES).<\/p>\n\n\n\n<p>\u2013 Na campanha, muita gente falava: \u201cAh vai ser a volta dos esquemas\u201d. E o [presidente Jair] Bolsonaro tanto sabia disso que ele batia nessa tecla nos debates. (\u2026) Eu acho que tamb\u00e9m tem um recado de que o governo de transi\u00e7\u00e3o, o governo Lula 3, n\u00e3o entendeu o recado das urnas. (\u2026) Vai voltar \u00e9 o governo Dilma 3? Que governo Lula \u00e9 esse? Porque n\u00e3o s\u00f3 eles aprovaram essa medida nessa tabelinha Centr\u00e3o e transi\u00e7\u00e3o como eles aprovaram com esse personagem que tamb\u00e9m \u00e9 simb\u00f3lico, que \u00e9 o Mercadante, que \u00e9 a grande figura do governo do PT que deu errado, que \u00e9 o governo Dilma. (\u2026) Voc\u00ea t\u00e1 abrindo alas para um personagem ocupar um cargo que tamb\u00e9m todo mundo dizia na campanha que n\u00e3o teria nenhum tipo de cargo. (\u2026) O Mercadante \u00e9 um quadro importante, mas ele \u00e9 um quadro, dentro do pr\u00f3prio PT, que \u00e9 visto com ressalvas porque ele ocupou esse papel de destaque no governo Dilma, que foi o governo que deu errado do PT \u2013 analisou Sadi.<\/p>\n\n\n\n<p>J\u00e1 em seu&nbsp;<a href=\"https:\/\/g1.globo.com\/politica\/blog\/andreia-sadi\/post\/2022\/12\/14\/ao-colocar-mercadante-no-bndes-lula-abre-alas-para-boiada-do-centrao-nas-estatais.ghtml\" target=\"_blank\" rel=\"noreferrer noopener\">blog<\/a>, no G1, ela destacou que \u201cAo colocar Mercadante no BNDES, Lula abre alas para boiada do Centr\u00e3o nas estatais\u201d.<\/p>\n\n\n\n<p>Mercadante foi indicado, na ter\u00e7a-feira (13), para o posto de presidente do BNDES.<\/p>\n\n\n\n<figure class=\"wp-block-image\"><img src=\"https:\/\/static.cdn.pleno.news\/2022\/12\/Screenshot-17-1.png\" alt=\"\" class=\"wp-image-1056490\"\/><\/figure>\n","protected":false},"excerpt":{"rendered":"<p>Nesta quarta-feira (14), a jornalista Andr\u00e9ia Sadi se manifestou a respeito das escolhas de Lula (PT) para seu governo. Ela criticou a indica\u00e7\u00e3o do nome de Aloizio Mercadante para o comando do Banco Nacional de Desenvolvimento Econ\u00f4mico Social (BNDES). \u2013 Na campanha, muita gente falava: \u201cAh vai ser a volta dos esquemas\u201d. E o [presidente [&hellip;]<\/p>\n","protected":false},"author":2,"featured_media":13919,"comment_status":"open","ping_status":"open","sticky":false,"template":"","format":"standard","meta":[],"categories":[10],"tags":[],"_links":{"self":[{"href":"https:\/\/dgospel.com.br\/portal\/index.php\/wp-json\/wp\/v2\/posts\/13918"}],"collection":[{"href":"https:\/\/dgospel.com.br\/portal\/index.php\/wp-json\/wp\/v2\/posts"}],"about":[{"href":"https:\/\/dgospel.com.br\/portal\/index.php\/wp-json\/wp\/v2\/types\/post"}],"author":[{"embeddable":true,"href":"https:\/\/dgospel.com.br\/portal\/index.php\/wp-json\/wp\/v2\/users\/2"}],"replies":[{"embeddable":true,"href":"https:\/\/dgospel.com.br\/portal\/index.php\/wp-json\/wp\/v2\/comments?post=13918"}],"version-history":[{"count":1,"href":"https:\/\/dgospel.com.br\/portal\/index.php\/wp-json\/wp\/v2\/posts\/13918\/revisions"}],"predecessor-version":[{"id":13920,"href":"https:\/\/dgospel.com.br\/portal\/index.php\/wp-json\/wp\/v2\/posts\/13918\/revisions\/13920"}],"wp:featuredmedia":[{"embeddable":true,"href":"https:\/\/dgospel.com.br\/portal\/index.php\/wp-json\/wp\/v2\/media\/13919"}],"wp:attachment":[{"href":"https:\/\/dgospel.com.br\/portal\/index.php\/wp-json\/wp\/v2\/media?parent=13918"}],"wp:term":[{"taxonomy":"category","embeddable":true,"href":"https:\/\/dgospel.com.br\/portal\/index.php\/wp-json\/wp\/v2\/categories?post=13918"},{"taxonomy":"post_tag","embeddable":true,"href":"https:\/\/dgospel.com.br\/portal\/index.php\/wp-json\/wp\/v2\/tags?post=13918"}],"curies":[{"name":"wp","href":"https:\/\/api.w.org\/{rel}","templated":true}]}}