{"id":13924,"date":"2022-12-16T11:27:53","date_gmt":"2022-12-16T14:27:53","guid":{"rendered":"http:\/\/dgospel.com.br\/portal\/?p=13924"},"modified":"2022-12-16T11:27:54","modified_gmt":"2022-12-16T14:27:54","slug":"governador-wanderlei-barbosa-inaugura-natal-de-luzes-e-prestigia-apresentacoes-culturais-no-palacio-araguaia","status":"publish","type":"post","link":"https:\/\/dgospel.com.br\/portal\/index.php\/2022\/12\/16\/governador-wanderlei-barbosa-inaugura-natal-de-luzes-e-prestigia-apresentacoes-culturais-no-palacio-araguaia\/","title":{"rendered":"Governador Wanderlei Barbosa inaugura Natal de Luzes e prestigia apresenta\u00e7\u00f5es culturais no Pal\u00e1cio Araguaia"},"content":{"rendered":"\n<p>O Pal\u00e1cio Araguaia e a Pra\u00e7a dos Girass\u00f3is, considerados cart\u00f5es postais de Palmas e do Tocantins, j\u00e1 est\u00e3o preparados com decora\u00e7\u00f5es e luzes natalinas para receber os visitantes neste per\u00edodo de festas. A inaugura\u00e7\u00e3o da ilumina\u00e7\u00e3o&nbsp;<em>Natal de Luzes<\/em>&nbsp;foi feita pelo governador Wanderlei Barbosa, na noite desta quarta-feira, 14, na ala norte do Pal\u00e1cio Araguaia. O evento contou com diversas atra\u00e7\u00f5es culturais e apresenta\u00e7\u00f5es musicais com temas natalinos.&nbsp;<\/p>\n\n\n\n<p>A ornamenta\u00e7\u00e3o do Pal\u00e1cio Araguaia resgata o esp\u00edrito natalino e constitui uma das principais atra\u00e7\u00f5es para os palmenses e os visitantes da Capital neste per\u00edodo do ano. Em um primeiro momento o Governador recebeu o Papai Noel, que chegou em uma charrete. Tamb\u00e9m foi inaugurada a Casa do Papai Noel e durante a programa\u00e7\u00e3o as crian\u00e7as receberam pipoca e guloseimas.<\/p>\n\n\n\n<p>Ap\u00f3s a contagem regressiva para a inaugura\u00e7\u00e3o da ornamenta\u00e7\u00e3o que simboliza o&nbsp;<em>Natal de Luzes<\/em>&nbsp;dos tocantinenses, o governador Wanderlei Barbosa deixou uma mensagem de boas festas. &#8220;O Natal marca o nascimento de Jesus e \u00e9 uma festa esperada por todos os crist\u00e3os. Quero desejar a todas as fam\u00edlias de Palmas e do nosso Tocantins um feliz Natal e que o nosso bom Deus possa aben\u00e7oar a todos com muita paz, sa\u00fade e amor. Que o esp\u00edrito natalino esteja presente em todos os lares das nossas fam\u00edlias. Desde j\u00e1, desejo um ano novo de muita prosperidade, com sa\u00fade, principalmente, para que possamos trabalhar e ajudar nossas fam\u00edlias\u201d, expressou.&nbsp;<\/p>\n\n\n\n<p><strong>Programa\u00e7\u00e3o<\/strong><\/p>\n\n\n\n<p>A programa\u00e7\u00e3o cultural contou com apresenta\u00e7\u00f5es da Banda da Pol\u00edcia Militar do Estado do Tocantins; dos cantores Tiago Mangela e Badinho Ara\u00fajo, com louvores e refer\u00eancias a temas natalinos; do Coral do Hospital Geral de Palmas (HGP); do saxofonista Maumau; e da companhia de ballet da Secretaria de Estado da Educa\u00e7\u00e3o (Seduc).<\/p>\n\n\n\n<p>O&nbsp;<em>Natal de Luzes<\/em>&nbsp;foi idealizado pela Secretaria da Comunica\u00e7\u00e3o Social (Secom) e Secret\u00e1ria Executiva da Governadoria com intuito de proporcionar \u00e0s fam\u00edlias tocantinenses uma programa\u00e7\u00e3o que preze pela valoriza\u00e7\u00e3o e resgate da genu\u00edna festa natalina.&nbsp;<\/p>\n\n\n\n<p><strong>Presen\u00e7as<\/strong><\/p>\n\n\n\n<p>O evento contou com a presen\u00e7a de prefeitos, representantes da classe empresarial tocantinense, deputados estaduais e federais, secret\u00e1rios de Estado e outros auxiliares&nbsp;do&nbsp;Governo.<\/p>\n\n\n\n<p><img src=\"https:\/\/central.to.gov.br\/image\/312283?w=670&amp;h=383\"><\/p>\n\n\n\n<p>A programa\u00e7\u00e3o cultural contou com apresenta\u00e7\u00f5es musicais e de dan\u00e7a &#8211; Esequias Ara\u00fajo\/Governo do Tocantins<\/p>\n\n\n\n<p><img src=\"https:\/\/central.to.gov.br\/image\/312284?w=670&amp;h=383\"><\/p>\n\n\n\n<p>Ap\u00f3s a contagem regressiva para a inaugura\u00e7\u00e3o da ornamenta\u00e7\u00e3o que simboliza o Natal de Luzes dos tocantinenses, o governador Wanderlei Barbosa deixou uma mensagem de boas festas &#8211; Esequias Ara\u00fajo\/Governo do Tocantins<\/p>\n\n\n\n<p><img src=\"https:\/\/central.to.gov.br\/image\/312285?w=670&amp;h=383\"><\/p>\n\n\n\n<p>Durante a programa\u00e7\u00e3o foi inaugurada a Casa do Papai Noel e distribu\u00eddo pipoca e guloseimas para as crian\u00e7as &#8211; Esequias Ara\u00fajo\/Governo do Tocantins\u00a0<\/p>\n\n\n\n<p><img src=\"https:\/\/central.to.gov.br\/image\/312286?w=670&amp;h=383\"><\/p>\n\n\n\n<p>Evento contou com a presen\u00e7a de prefeitos, representantes da classe empresarial tocantinense, deputados e secret\u00e1rios de Estado &#8211; Esequias Ara\u00fajo\/Governo do Tocantins<\/p>\n","protected":false},"excerpt":{"rendered":"<p>O Pal\u00e1cio Araguaia e a Pra\u00e7a dos Girass\u00f3is, considerados cart\u00f5es postais de Palmas e do Tocantins, j\u00e1 est\u00e3o preparados com decora\u00e7\u00f5es e luzes natalinas para receber os visitantes neste per\u00edodo de festas. A inaugura\u00e7\u00e3o da ilumina\u00e7\u00e3o&nbsp;Natal de Luzes&nbsp;foi feita pelo governador Wanderlei Barbosa, na noite desta quarta-feira, 14, na ala norte do Pal\u00e1cio Araguaia. O [&hellip;]<\/p>\n","protected":false},"author":2,"featured_media":13925,"comment_status":"open","ping_status":"open","sticky":false,"template":"","format":"standard","meta":[],"categories":[3],"tags":[13],"_links":{"self":[{"href":"https:\/\/dgospel.com.br\/portal\/index.php\/wp-json\/wp\/v2\/posts\/13924"}],"collection":[{"href":"https:\/\/dgospel.com.br\/portal\/index.php\/wp-json\/wp\/v2\/posts"}],"about":[{"href":"https:\/\/dgospel.com.br\/portal\/index.php\/wp-json\/wp\/v2\/types\/post"}],"author":[{"embeddable":true,"href":"https:\/\/dgospel.com.br\/portal\/index.php\/wp-json\/wp\/v2\/users\/2"}],"replies":[{"embeddable":true,"href":"https:\/\/dgospel.com.br\/portal\/index.php\/wp-json\/wp\/v2\/comments?post=13924"}],"version-history":[{"count":1,"href":"https:\/\/dgospel.com.br\/portal\/index.php\/wp-json\/wp\/v2\/posts\/13924\/revisions"}],"predecessor-version":[{"id":13926,"href":"https:\/\/dgospel.com.br\/portal\/index.php\/wp-json\/wp\/v2\/posts\/13924\/revisions\/13926"}],"wp:featuredmedia":[{"embeddable":true,"href":"https:\/\/dgospel.com.br\/portal\/index.php\/wp-json\/wp\/v2\/media\/13925"}],"wp:attachment":[{"href":"https:\/\/dgospel.com.br\/portal\/index.php\/wp-json\/wp\/v2\/media?parent=13924"}],"wp:term":[{"taxonomy":"category","embeddable":true,"href":"https:\/\/dgospel.com.br\/portal\/index.php\/wp-json\/wp\/v2\/categories?post=13924"},{"taxonomy":"post_tag","embeddable":true,"href":"https:\/\/dgospel.com.br\/portal\/index.php\/wp-json\/wp\/v2\/tags?post=13924"}],"curies":[{"name":"wp","href":"https:\/\/api.w.org\/{rel}","templated":true}]}}