{"id":13939,"date":"2022-12-16T23:02:06","date_gmt":"2022-12-17T02:02:06","guid":{"rendered":"http:\/\/dgospel.com.br\/portal\/?p=13939"},"modified":"2022-12-16T23:02:08","modified_gmt":"2022-12-17T02:02:08","slug":"governador-wanderlei-barbosa-e-vice-governador-laurez-moreira-sao-diplomados-para-posse-em-2023","status":"publish","type":"post","link":"https:\/\/dgospel.com.br\/portal\/index.php\/2022\/12\/16\/governador-wanderlei-barbosa-e-vice-governador-laurez-moreira-sao-diplomados-para-posse-em-2023\/","title":{"rendered":"Governador Wanderlei Barbosa e vice-governador Laurez Moreira s\u00e3o diplomados para posse em 2023"},"content":{"rendered":"\n<p>Reeleito, o governador do Tocantins, Wanderlei Barbosa, juntamente com o vice-governador eleito, Laurez Moreira, receberam os documentos que atestam a habilita\u00e7\u00e3o para a posse no dia 1\u00ba de janeiro de 2023. A diploma\u00e7\u00e3o dos dois gestores ocorreu nesta sexta-feira, 16, no audit\u00f3rio do Tribunal Regional Eleitoral do Tocantins (TRE-TO) e foi conduzida pelo presidente da Corte eleitoral, o desembargador Helv\u00e9cio de Brito Maia Neto.<\/p>\n\n\n\n<p>No ato, o TRE-TO tamb\u00e9m diplomou os parlamentares tocantinenses declarados vitoriosos nas urnas em 2022: 24 deputadas e deputados estaduais; oito deputados federais; a senadora Professora Dorinha e os seus dois suplentes. Ao todo, foram 37 eleitos que se tornaram aptos \u00e0 cerim\u00f4nia de posse dos seus respectivos cargos.<\/p>\n\n\n\n<p>O governador Wanderlei Barbosa aproveitou o momento para pontuar alguns projetos do Governo do Tocantins para os pr\u00f3ximos anos. \u201cA sa\u00fade \u00e9 uma prioridade. Temos novos hospitais para serem entregues, em Gurupi e em Aragua\u00edna, tamb\u00e9m a amplia\u00e7\u00e3o do Hospital Geral de Palmas. Vamos criar a Secretaria de Habita\u00e7\u00e3o, que sabemos que o novo Governo Federal preza muito a pol\u00edtica de habita\u00e7\u00e3o, portanto, vamos adequar o nosso Governo pra isso. Vamos ainda criar a Secretaria da Mulher, como falamos na nossa campanha. Dentre tantas outras prioridades que temos, vamos dar prosseguimento \u00e0 manuten\u00e7\u00e3o das vias e rodovias e abrir novas estradas\u201d, afirmou.&nbsp;<\/p>\n\n\n\n<p>O presidente do TRE explicou o significado da diploma\u00e7\u00e3o. \u201cAo chegarmos a esse momento, tivemos que enfrentar e vencer desafios, momentos de intensos debates p\u00fablicos. A Justi\u00e7a Eleitoral do Tocantins se manteve firme e garantiu a legitimidade do processo. Devemos nos orgulhar do resultado, da relevante e digna atua\u00e7\u00e3o que garantiu aos um milh\u00e3o de eleitores tocantinenses o pleno exerc\u00edcio da cidadania. Entre os mais de 500 candidatos, os eleitores elegeram 37 homens e mulheres diplomados nesta cerim\u00f4nia e que devem exercer [seus mandatos] em nome do povo, com compet\u00eancia, cidadania e responsabilidade, amor ao Brasil e honra aos mandatos outorgados pelo povo tocantinense, de modo a engrandecer o nosso Estado\u201d, enfatizou o desembargador Helv\u00e9cio de Brito.<\/p>\n\n\n\n<p>A cerim\u00f4nia contou com a presen\u00e7a de representantes dos poderes Executivo, Legislativo e Judici\u00e1rio, incluindo membros do TRE-TO, al\u00e9m de representantes da Prefeitura de Palmas e da Ordem dos Advogados do Brasil (OAB).<\/p>\n\n\n\n<p><strong>Diplomados<\/strong><\/p>\n\n\n\n<p>Al\u00e9m de Wanderlei Barbosa e Laurez Moreira, foram diplomados a senadora eleita Professora Dorinha e os deputados federais Toinho Andrade, Vicentinho Junior, Alexandre Guimar\u00e3es, Carlos Gaguim, Ricardo Ayres, Filipe Martins, Eli Borges e L\u00e1zaro Botelho.<\/p>\n\n\n\n<p>Tamb\u00e9m est\u00e3o aptos a assumir seus cargos os deputados estaduais: L\u00e9o Barbosa, Professora Janad Valcari, Jair Farias, Jorge Frederico, Am\u00e9lio Cayres, Nilton Franco, Cleiton Cardoso Vilmar Alves, Olyntho Neto, Fabion Gomes, Vanda Monteiro, Valdemar Junior, Ivory de Lira, Luciano Oliveira, Eduardo do Dertins, Eduardo Fortes, Eduardo Mantoan,&nbsp;Marcus Marcelo, Professor Junior Geo,&nbsp;Claudia Lelis, Moisemar Marinho, Wiston Gomes, Gutierres Torquato e Gip\u00e3o.<\/p>\n\n\n\n<p><strong>Perfil do governador e vice<\/strong><\/p>\n\n\n\n<p>A chapa de Wanderlei Barbosa e Laurez Moreira foi eleita em vota\u00e7\u00e3o hist\u00f3rica para governar o Tocantins pelos pr\u00f3ximos quatro anos, em primeiro turno, com 58,14% dos votos v\u00e1lidos, o que representa um total de 481 mil eleitores. De fam\u00edlia pol\u00edtica, Wanderlei Barbosa Castro \u00e9 filho de Fenelon Barbosa, primeiro prefeito de Palmas, e pai de L\u00e9o Barbosa, reeleito como deputado estadual.<\/p>\n\n\n\n<p>Atualmente filiado ao Republicanos, Wanderlei Barbosa \u00e9 natural de Porto Nacional, onde come\u00e7ou a carreira pol\u00edtica em 1989, quando foi eleito vereador pelo munic\u00edpio. Em 1996, tornou-se vereador por Palmas, cargo que ocupou at\u00e9 2010. Neste mesmo ano, elegeu-se para o primeiro de dois mandatos como deputado estadual. Em 2018, foi vice-governador do Tocantins e assumiu o Executivo como governador em outubro de 2021.<\/p>\n\n\n\n<p>Laurez da Rocha Moreira \u00e9 advogado e pol\u00edtico, filiado ao Partido Democr\u00e1tico Trabalhista (PDT). Foi prefeito do munic\u00edpio de Gurupi por dois mandatos, ficando \u00e0 frente do munic\u00edpio de 2013 a 2020. Antes de assumir o Executivo em Gurupi, j\u00e1 tinha sido deputado estadual e federal pelo Tocantins por v\u00e1rios mandatos.<\/p>\n\n\n\n<p><img src=\"https:\/\/central.to.gov.br\/image\/312444?w=670&amp;h=383\"><\/p>\n\n\n\n<p>A cerim\u00f4nia contou com a presen\u00e7a de representantes dos poderes Executivo, Legislativo e Judici\u00e1rio &#8211; Esequias Ara\u00fajo\/Governo do Tocantins\u00a0<\/p>\n\n\n\n<p><img src=\"https:\/\/central.to.gov.br\/image\/312445?w=670&amp;h=383\"><\/p>\n\n\n\n<p>Desembargador Helv\u00e9cio de Brito, presidente do Tribunal Regional Eleitoral do Tocantins (TRE-TO), conduziu a cerim\u00f4nia de diploma\u00e7\u00e3o dos 37 eleitos &#8211; Esequias Ara\u00fajo\/Governo do Tocantins\u00a0<\/p>\n\n\n\n<p><img src=\"https:\/\/central.to.gov.br\/image\/312446?w=670&amp;h=383\"><\/p>\n\n\n\n<p>Wanderlei Barbosa e Laurez Moreira foram eleitos em primeiro turno, com 58,14% dos votos v\u00e1lidos, o que representa um total de 481 mil eleitores do Tocantins &#8211; Esequias Ara\u00fajo\/Governo do Tocantins\u00a0<\/p>\n\n\n\n<p><img src=\"https:\/\/central.to.gov.br\/image\/312447?w=670&amp;h=383\"><\/p>\n\n\n\n<p>De fam\u00edlia pol\u00edtica, Wanderlei Barbosa Castro \u00e9 filho de Fenelon Barbosa, primeiro prefeito de Palmas, e pai de L\u00e9o Barbosa, reeleito como deputado estadual &#8211; Esequias Ara\u00fajo\/Governo do Tocantins\u00a0<\/p>\n\n\n\n<p><img src=\"https:\/\/central.to.gov.br\/image\/312448?w=670&amp;h=383\"><\/p>\n\n\n\n<p>TRE-TO tamb\u00e9m diplomou os 24 parlamentares, deputadas e deputados estaduais, oito deputados federais, e a senadora Professora Dorinha e seus dois suplentes &#8211; Esequias Ara\u00fajo\/Governo do Tocantins<\/p>\n","protected":false},"excerpt":{"rendered":"<p>Reeleito, o governador do Tocantins, Wanderlei Barbosa, juntamente com o vice-governador eleito, Laurez Moreira, receberam os documentos que atestam a habilita\u00e7\u00e3o para a posse no dia 1\u00ba de janeiro de 2023. A diploma\u00e7\u00e3o dos dois gestores ocorreu nesta sexta-feira, 16, no audit\u00f3rio do Tribunal Regional Eleitoral do Tocantins (TRE-TO) e foi conduzida pelo presidente da [&hellip;]<\/p>\n","protected":false},"author":2,"featured_media":13940,"comment_status":"open","ping_status":"open","sticky":false,"template":"","format":"standard","meta":[],"categories":[3],"tags":[13],"_links":{"self":[{"href":"https:\/\/dgospel.com.br\/portal\/index.php\/wp-json\/wp\/v2\/posts\/13939"}],"collection":[{"href":"https:\/\/dgospel.com.br\/portal\/index.php\/wp-json\/wp\/v2\/posts"}],"about":[{"href":"https:\/\/dgospel.com.br\/portal\/index.php\/wp-json\/wp\/v2\/types\/post"}],"author":[{"embeddable":true,"href":"https:\/\/dgospel.com.br\/portal\/index.php\/wp-json\/wp\/v2\/users\/2"}],"replies":[{"embeddable":true,"href":"https:\/\/dgospel.com.br\/portal\/index.php\/wp-json\/wp\/v2\/comments?post=13939"}],"version-history":[{"count":1,"href":"https:\/\/dgospel.com.br\/portal\/index.php\/wp-json\/wp\/v2\/posts\/13939\/revisions"}],"predecessor-version":[{"id":13941,"href":"https:\/\/dgospel.com.br\/portal\/index.php\/wp-json\/wp\/v2\/posts\/13939\/revisions\/13941"}],"wp:featuredmedia":[{"embeddable":true,"href":"https:\/\/dgospel.com.br\/portal\/index.php\/wp-json\/wp\/v2\/media\/13940"}],"wp:attachment":[{"href":"https:\/\/dgospel.com.br\/portal\/index.php\/wp-json\/wp\/v2\/media?parent=13939"}],"wp:term":[{"taxonomy":"category","embeddable":true,"href":"https:\/\/dgospel.com.br\/portal\/index.php\/wp-json\/wp\/v2\/categories?post=13939"},{"taxonomy":"post_tag","embeddable":true,"href":"https:\/\/dgospel.com.br\/portal\/index.php\/wp-json\/wp\/v2\/tags?post=13939"}],"curies":[{"name":"wp","href":"https:\/\/api.w.org\/{rel}","templated":true}]}}