{"id":13942,"date":"2022-12-16T23:36:39","date_gmt":"2022-12-17T02:36:39","guid":{"rendered":"http:\/\/dgospel.com.br\/portal\/?p=13942"},"modified":"2022-12-16T23:36:41","modified_gmt":"2022-12-17T02:36:41","slug":"pt-que-chamava-o-orcamento-secreto-de-fraude-vota-a-favor-do-orcamento-secreto","status":"publish","type":"post","link":"https:\/\/dgospel.com.br\/portal\/index.php\/2022\/12\/16\/pt-que-chamava-o-orcamento-secreto-de-fraude-vota-a-favor-do-orcamento-secreto\/","title":{"rendered":"PT, que chamava o Or\u00e7amento secreto de fraude, vota a favor do\u2026 Or\u00e7amento secreto"},"content":{"rendered":"\n<p>Em 25 de agosto, o ent\u00e3o candidato \u00e0 Presid\u00eancia Lula participou da sabatina do&nbsp;<em>Jornal Nacional<\/em>, da Rede Globo. Entre os afagos do apresentador William Bonner, que afirmou que Lula&nbsp;<a href=\"https:\/\/twitter.com\/RubensNunesMBL\/status\/1603776648343482368?ref_src=twsrc%5Etfw%7Ctwcamp%5Etweetembed%7Ctwterm%5E1603776648343482368%7Ctwgr%5Ec246cd85b4583ff6d4198702a9c1faac33aa8b2d%7Ctwcon%5Es1_&amp;ref_url=https%3A%2F%2Frevistaoeste.com%2F%3Fp%3D682550\" target=\"_blank\" rel=\"noreferrer noopener\"><strong>\u201cn\u00e3o devia mais nada para a Justi\u00e7a\u201d<\/strong><\/a>, o petista se \u201ccomprometeu\u201d com o povo brasileiro: caso fosse eleito, iria convencer o Congresso a abrir m\u00e3o do \u201cOr\u00e7amento secreto\u201d \u2014 que s\u00f3 era chamado de \u201csecreto\u201d para desgastar o presidente Jair Bolsonaro. Para o PT, tratava-se de um \u201cesc\u00e1rnio antidemocr\u00e1tico\u201d<\/p>\n\n\n\n<p>Nesta sexta-feira, 16, quase cinco meses depois da fala do petista, o Congresso Nacional aprovou o texto-base de um projeto de resolu\u00e7\u00e3o, de autoria da Mesa do Senado e da C\u00e2mara, que cria regras para a distribui\u00e7\u00e3o de recursos das emendas de relator \u2014 \u00e9 o nome correto do Or\u00e7amento secreto. Na Casa, foram 328 votos a favor, e no Senado 44. A bancada do PT votou a favor do Or\u00e7amento secreto.<\/p>\n","protected":false},"excerpt":{"rendered":"<p>Em 25 de agosto, o ent\u00e3o candidato \u00e0 Presid\u00eancia Lula participou da sabatina do&nbsp;Jornal Nacional, da Rede Globo. Entre os afagos do apresentador William Bonner, que afirmou que Lula&nbsp;\u201cn\u00e3o devia mais nada para a Justi\u00e7a\u201d, o petista se \u201ccomprometeu\u201d com o povo brasileiro: caso fosse eleito, iria convencer o Congresso a abrir m\u00e3o do \u201cOr\u00e7amento [&hellip;]<\/p>\n","protected":false},"author":2,"featured_media":13943,"comment_status":"open","ping_status":"open","sticky":false,"template":"","format":"standard","meta":[],"categories":[4],"tags":[],"_links":{"self":[{"href":"https:\/\/dgospel.com.br\/portal\/index.php\/wp-json\/wp\/v2\/posts\/13942"}],"collection":[{"href":"https:\/\/dgospel.com.br\/portal\/index.php\/wp-json\/wp\/v2\/posts"}],"about":[{"href":"https:\/\/dgospel.com.br\/portal\/index.php\/wp-json\/wp\/v2\/types\/post"}],"author":[{"embeddable":true,"href":"https:\/\/dgospel.com.br\/portal\/index.php\/wp-json\/wp\/v2\/users\/2"}],"replies":[{"embeddable":true,"href":"https:\/\/dgospel.com.br\/portal\/index.php\/wp-json\/wp\/v2\/comments?post=13942"}],"version-history":[{"count":1,"href":"https:\/\/dgospel.com.br\/portal\/index.php\/wp-json\/wp\/v2\/posts\/13942\/revisions"}],"predecessor-version":[{"id":13944,"href":"https:\/\/dgospel.com.br\/portal\/index.php\/wp-json\/wp\/v2\/posts\/13942\/revisions\/13944"}],"wp:featuredmedia":[{"embeddable":true,"href":"https:\/\/dgospel.com.br\/portal\/index.php\/wp-json\/wp\/v2\/media\/13943"}],"wp:attachment":[{"href":"https:\/\/dgospel.com.br\/portal\/index.php\/wp-json\/wp\/v2\/media?parent=13942"}],"wp:term":[{"taxonomy":"category","embeddable":true,"href":"https:\/\/dgospel.com.br\/portal\/index.php\/wp-json\/wp\/v2\/categories?post=13942"},{"taxonomy":"post_tag","embeddable":true,"href":"https:\/\/dgospel.com.br\/portal\/index.php\/wp-json\/wp\/v2\/tags?post=13942"}],"curies":[{"name":"wp","href":"https:\/\/api.w.org\/{rel}","templated":true}]}}