{"id":13945,"date":"2022-12-19T10:10:57","date_gmt":"2022-12-19T13:10:57","guid":{"rendered":"http:\/\/dgospel.com.br\/portal\/?p=13945"},"modified":"2022-12-19T10:10:59","modified_gmt":"2022-12-19T13:10:59","slug":"gilmar-mendes-autoriza-estouro-do-teto-de-gastos","status":"publish","type":"post","link":"https:\/\/dgospel.com.br\/portal\/index.php\/2022\/12\/19\/gilmar-mendes-autoriza-estouro-do-teto-de-gastos\/","title":{"rendered":"Gilmar Mendes autoriza estouro do teto de gastos"},"content":{"rendered":"\n<p>No domingo 18, o ministro Gilmar Mendes, do&nbsp;<strong><a href=\"http:\/\/www.portal.stf.jus.br\/\" target=\"_blank\" rel=\"noreferrer noopener\">Supremo Tribunal Federal (STF)<\/a><\/strong>, atendeu \u00e0 Rede e determinou que os benef\u00edcios destinados ao Aux\u00edlio Brasil sejam exclu\u00eddos do teto de gastos. Conforme a decis\u00e3o, os recursos podem ser obtidos pela abertura de um cr\u00e9dito extraordin\u00e1rio.<\/p>\n\n\n\n<p>A medida do ministro interfere diretamente nas negocia\u00e7\u00f5es entre o Congresso Nacional e a equipe do presidente eleito, Lula (PT), que apresentou a Proposta de Emenda \u00e0 Constitui\u00e7\u00e3o (PEC) da Gastan\u00e7a, com a finalidade de aumentar as despesas p\u00fablicas em 2023 em cerca de R$ 200 bilh\u00f5es.<\/p>\n\n\n\n<p>Parlamentares e partidos vinham exigindo cargos para votar a favor da PEC.<\/p>\n\n\n\n<p>\u201cReputo juridicamente poss\u00edvel que eventual disp\u00eandio adicional de recursos com o objetivo de custear as despesas referentes \u00e0 manuten\u00e7\u00e3o, no exerc\u00edcio de 2023, do programa Aux\u00edlio Brasil (ou eventual programa social que suceda a ele) pode ser viabilizado pela via da abertura de cr\u00e9dito extraordin\u00e1rio, devendo ser ressaltado que tais despesas n\u00e3o se incluem na base de c\u00e1lculo e nos limites estabelecidos no teto constitucional de gastos\u201d, entendeu Gilmar, na decis\u00e3o.<\/p>\n\n\n\n<p>Em linhas gerais, o ministro autorizou o relator do Or\u00e7amento de 2023, senador Marcelo Castro (MDB-PI), a incluir no texto a execu\u00e7\u00e3o do pagamento do programa independentemente de ultrapassar o teto de gastos.<\/p>\n\n\n\n<p>A Rede alegou na a\u00e7\u00e3o ao STF que o pagamento do programa de transfer\u00eancia de renda no atual valor estaria circunscrito no \u201cm\u00ednimo existencial\u201d da popula\u00e7\u00e3o em situa\u00e7\u00e3o de vulnerabilidade estabelecido na Constitui\u00e7\u00e3o Federal.<\/p>\n\n\n\n<p><\/p>\n\n\n\n<p><\/p>\n","protected":false},"excerpt":{"rendered":"<p>No domingo 18, o ministro Gilmar Mendes, do&nbsp;Supremo Tribunal Federal (STF), atendeu \u00e0 Rede e determinou que os benef\u00edcios destinados ao Aux\u00edlio Brasil sejam exclu\u00eddos do teto de gastos. Conforme a decis\u00e3o, os recursos podem ser obtidos pela abertura de um cr\u00e9dito extraordin\u00e1rio. A medida do ministro interfere diretamente nas negocia\u00e7\u00f5es entre o Congresso Nacional [&hellip;]<\/p>\n","protected":false},"author":2,"featured_media":13946,"comment_status":"open","ping_status":"open","sticky":false,"template":"","format":"standard","meta":[],"categories":[4],"tags":[13],"_links":{"self":[{"href":"https:\/\/dgospel.com.br\/portal\/index.php\/wp-json\/wp\/v2\/posts\/13945"}],"collection":[{"href":"https:\/\/dgospel.com.br\/portal\/index.php\/wp-json\/wp\/v2\/posts"}],"about":[{"href":"https:\/\/dgospel.com.br\/portal\/index.php\/wp-json\/wp\/v2\/types\/post"}],"author":[{"embeddable":true,"href":"https:\/\/dgospel.com.br\/portal\/index.php\/wp-json\/wp\/v2\/users\/2"}],"replies":[{"embeddable":true,"href":"https:\/\/dgospel.com.br\/portal\/index.php\/wp-json\/wp\/v2\/comments?post=13945"}],"version-history":[{"count":1,"href":"https:\/\/dgospel.com.br\/portal\/index.php\/wp-json\/wp\/v2\/posts\/13945\/revisions"}],"predecessor-version":[{"id":13947,"href":"https:\/\/dgospel.com.br\/portal\/index.php\/wp-json\/wp\/v2\/posts\/13945\/revisions\/13947"}],"wp:featuredmedia":[{"embeddable":true,"href":"https:\/\/dgospel.com.br\/portal\/index.php\/wp-json\/wp\/v2\/media\/13946"}],"wp:attachment":[{"href":"https:\/\/dgospel.com.br\/portal\/index.php\/wp-json\/wp\/v2\/media?parent=13945"}],"wp:term":[{"taxonomy":"category","embeddable":true,"href":"https:\/\/dgospel.com.br\/portal\/index.php\/wp-json\/wp\/v2\/categories?post=13945"},{"taxonomy":"post_tag","embeddable":true,"href":"https:\/\/dgospel.com.br\/portal\/index.php\/wp-json\/wp\/v2\/tags?post=13945"}],"curies":[{"name":"wp","href":"https:\/\/api.w.org\/{rel}","templated":true}]}}