{"id":13948,"date":"2022-12-19T10:28:24","date_gmt":"2022-12-19T13:28:24","guid":{"rendered":"http:\/\/dgospel.com.br\/portal\/?p=13948"},"modified":"2022-12-19T10:28:25","modified_gmt":"2022-12-19T13:28:25","slug":"governo-do-tocantins-e-prefeitura-de-porto-nacional-assinam-parceria-para-instalacao-de-colegio-civico-militar","status":"publish","type":"post","link":"https:\/\/dgospel.com.br\/portal\/index.php\/2022\/12\/19\/governo-do-tocantins-e-prefeitura-de-porto-nacional-assinam-parceria-para-instalacao-de-colegio-civico-militar\/","title":{"rendered":"Governo do Tocantins e prefeitura de Porto Nacional assinam parceria para instala\u00e7\u00e3o de Col\u00e9gio C\u00edvico-Militar"},"content":{"rendered":"\n<p>Porto Nacional passa a ser a terceira cidade no Estado a contar com um modelo de educa\u00e7\u00e3o C\u00edvico-Militar dirigido pelo Corpo de Bombeiros Militar do Tocantins (CBMTO). Nessa sexta-feira, 16, o Setor Porto Imperial, na zona urbana do munic\u00edpio, recebeu oficialmente a estrutura da Escola de Tempo Integral Francisco Pinheiro de Lemos, com sua inaugura\u00e7\u00e3o e a assinatura do Termo de Coopera\u00e7\u00e3o T\u00e9cnica, entre o Governo do Tocantins e a Prefeitura da cidade.<\/p>\n\n\n\n<p>A Escola de Tempo Integral ficou com as obras paralisadas por sete anos e, com a conclus\u00e3o o Corpo de Bombeiros Militar foi convidado a ofertar o modelo pedag\u00f3gico j\u00e1 implantado na ETI Margarida Lemos Gon\u00e7alves,&nbsp; em 2009, em Palmas, e na Jardernir Jorge Frederico, no come\u00e7o do ano passado, em Aragua\u00edna.<\/p>\n\n\n\n<p>&#8220;Essa \u00e9 tamb\u00e9m a nossa forma de contribuir com a sociedade, para formar e educar a juventude. Sempre tem algo que podemos fazer e, para n\u00f3s, enquanto institui\u00e7\u00e3o militar, \u00e9 de muita valia\u201d, destacou o coronel Carlos Eduardo de Souza Farias, ao assinar o Termo de Coopera\u00e7\u00e3o T\u00e9cnica.<\/p>\n\n\n\n<p>A estrutura em Porto Nacional tem capacidade para atender 400 alunos. As matr\u00edculas j\u00e1 foram abertas e est\u00e3o em fase final de fechamento, com prioridade para crian\u00e7as da regi\u00e3o do Setor Porto Imperial. Contudo, a Prefeitura prev\u00ea que estudantes de v\u00e1rias partes da cidade ser\u00e3o contemplados.<\/p>\n\n\n\n<p>\u201c\u00c9 um sentimento de conquista para n\u00f3s, entregarmos esta escola numa regi\u00e3o que necessita muito de uma estrutura como esta, de Tempo Integral e isso vem a calhar com uma situa\u00e7\u00e3o positiva, que \u00e9 a parceria com o Corpo de Bombeiros, ofertando o modelo C\u00edvico-Militar\u201d, exp\u00f4s o prefeito de Porto Nacional, Ronivon C\u00e2mara.&nbsp;<\/p>\n\n\n\n<p>\u201cEntendemos que a parceria com o Governo do Tocantins e com a Corpora\u00e7\u00e3o \u00e9 importante neste processo e, o comando-geral, de prontid\u00e3o, fechou conosco esta parceria. Estamos confiantes que isso vai avan\u00e7ar ainda mais na educa\u00e7\u00e3o em Porto Nacional\u201d, completou Ronivon.<\/p>\n\n\n\n<p>Na ETI Francisco Lemos, o Corpo de Bombeiros Militar est\u00e1 no processo desde o come\u00e7o e, assim, os estudantes v\u00e3o chegar para as aulas sem passar pelas mudan\u00e7as nas quest\u00f5es disciplinares, com uso de uniforme e o tratamento entre colegas, professores e instrutores, diferentes do que \u00e9 oferecido no formato tradicional.<\/p>\n\n\n\n<p>E mais, o modelo a ser ofertado \u00e9 o de Col\u00e9gio Esportivo, em que o foco \u00e9 o desenvolvimento de atletas, por isso ser\u00e3o oferecidos treinamentos em algumas modalidades.&nbsp;<\/p>\n\n\n\n<p>Na parte disciplinar, a unidade escolar ter\u00e1 instru\u00e7\u00f5es militares ministradas pelo Corpo de Bombeiros, como civismo e primeiros socorros, al\u00e9m do desenvolvimento de lideran\u00e7a nas salas de aula.<\/p>\n\n\n\n<p><strong>Homenagem<\/strong><\/p>\n\n\n\n<p>Ao homenagear Francisco Pinheiro de Lemos, a Prefeitura busca manter viva a mem\u00f3ria de um cidad\u00e3o portuense, nascido em 7 de agosto 1912, e, que, segundo o executivo municipal, teve relevantes servi\u00e7os prestados \u00e0 sociedade.<\/p>\n\n\n\n<p>A cerim\u00f4nia de inaugura\u00e7\u00e3o e assinatura do Termo de Coopera\u00e7\u00e3o T\u00e9cnica contou com a presen\u00e7a do neto de Francisco, Robson Pinheiro.&nbsp;<\/p>\n\n\n\n<p>\u201cPara a nossa fam\u00edlia \u00e9 uma satisfa\u00e7\u00e3o imensa ver essa homenagem, com o nome do nosso av\u00f4 ser reconhecido e por sua trajet\u00f3ria, seus servi\u00e7os prestados. Esta \u00e9 uma excelente escola e agora com parceria com esta institui\u00e7\u00e3o de tamanha credibilidade que \u00e9 o Corpo de Bombeiros Militar. Isso nos deixa muito orgulhosos\u201d, finalizou Robson Pinheiro.<\/p>\n\n\n\n<p><img src=\"https:\/\/central.to.gov.br\/image\/312503?w=670&amp;h=383\"><\/p>\n\n\n\n<p>Coronel Carlos Eduardo de Souza Farias destacou a import\u00e2ncia da parceria na inaugura\u00e7\u00e3o da ETI Francisco Pinheiro, em Porto Nacional &#8211; Luiz Henrique Machado\/Governo do Tocantins\u00a0<\/p>\n\n\n\n<p><img src=\"https:\/\/central.to.gov.br\/image\/312505?w=670&amp;h=383\"><\/p>\n\n\n\n<p>Coronel Farias, com o neto do homenageado, o prefeito Ronivon e a secret\u00e1ria de Educa\u00e7\u00e3o &#8211; Luiz Henrique Machado\/Governo do Tocantins\u00a0<\/p>\n\n\n\n<p><img src=\"https:\/\/central.to.gov.br\/image\/312506?w=670&amp;h=383\"><\/p>\n\n\n\n<p>Parceiros, Governo do Tocantins, por meio do Corpo de Bombeiros Militar e Prefeitura v\u00e3o gerir a Escola de Tempo Integral &#8211; Luiz Henrique Machado\/Governo do Tocantins\u00a0<\/p>\n\n\n\n<p><img src=\"https:\/\/central.to.gov.br\/image\/312507?w=670&amp;h=383\"><\/p>\n\n\n\n<p>ETI Francisco Pinheiro, vai atender 400 crian\u00e7as no Setor Porto Imperial &#8211; Luiz Henrique Machado\/Governo do Tocantins\u00a0<\/p>\n\n\n\n<p><img src=\"https:\/\/central.to.gov.br\/image\/312508?w=670&amp;h=383\"><\/p>\n\n\n\n<p>Unidade escolar ter\u00e1 instru\u00e7\u00f5es militares ministradas pelo Corpo de Bombeiros, como civismo e primeiros socorros, al\u00e9m do desenvolvimento de lideran\u00e7a nas salas de aula &#8211; Luiz Henrique Machado\/Governo do Tocantins\u00a0<\/p>\n\n\n\n<p><img src=\"https:\/\/central.to.gov.br\/image\/312509?w=670&amp;h=383\"><\/p>\n\n\n\n<p>Modelo a ser ofertado \u00e9 o de Col\u00e9gio Esportivo, em que o foco \u00e9 o desenvolvimento de atletas, por isso ser\u00e3o oferecidos treinamentos em algumas modalidades &#8211; Luiz Henrique Machado\/Governo do Tocantins&nbsp;<\/p>\n","protected":false},"excerpt":{"rendered":"<p>Porto Nacional passa a ser a terceira cidade no Estado a contar com um modelo de educa\u00e7\u00e3o C\u00edvico-Militar dirigido pelo Corpo de Bombeiros Militar do Tocantins (CBMTO). Nessa sexta-feira, 16, o Setor Porto Imperial, na zona urbana do munic\u00edpio, recebeu oficialmente a estrutura da Escola de Tempo Integral Francisco Pinheiro de Lemos, com sua inaugura\u00e7\u00e3o [&hellip;]<\/p>\n","protected":false},"author":2,"featured_media":13949,"comment_status":"open","ping_status":"open","sticky":false,"template":"","format":"standard","meta":[],"categories":[3],"tags":[13],"_links":{"self":[{"href":"https:\/\/dgospel.com.br\/portal\/index.php\/wp-json\/wp\/v2\/posts\/13948"}],"collection":[{"href":"https:\/\/dgospel.com.br\/portal\/index.php\/wp-json\/wp\/v2\/posts"}],"about":[{"href":"https:\/\/dgospel.com.br\/portal\/index.php\/wp-json\/wp\/v2\/types\/post"}],"author":[{"embeddable":true,"href":"https:\/\/dgospel.com.br\/portal\/index.php\/wp-json\/wp\/v2\/users\/2"}],"replies":[{"embeddable":true,"href":"https:\/\/dgospel.com.br\/portal\/index.php\/wp-json\/wp\/v2\/comments?post=13948"}],"version-history":[{"count":1,"href":"https:\/\/dgospel.com.br\/portal\/index.php\/wp-json\/wp\/v2\/posts\/13948\/revisions"}],"predecessor-version":[{"id":13950,"href":"https:\/\/dgospel.com.br\/portal\/index.php\/wp-json\/wp\/v2\/posts\/13948\/revisions\/13950"}],"wp:featuredmedia":[{"embeddable":true,"href":"https:\/\/dgospel.com.br\/portal\/index.php\/wp-json\/wp\/v2\/media\/13949"}],"wp:attachment":[{"href":"https:\/\/dgospel.com.br\/portal\/index.php\/wp-json\/wp\/v2\/media?parent=13948"}],"wp:term":[{"taxonomy":"category","embeddable":true,"href":"https:\/\/dgospel.com.br\/portal\/index.php\/wp-json\/wp\/v2\/categories?post=13948"},{"taxonomy":"post_tag","embeddable":true,"href":"https:\/\/dgospel.com.br\/portal\/index.php\/wp-json\/wp\/v2\/tags?post=13948"}],"curies":[{"name":"wp","href":"https:\/\/api.w.org\/{rel}","templated":true}]}}