{"id":13951,"date":"2022-12-19T10:32:00","date_gmt":"2022-12-19T13:32:00","guid":{"rendered":"http:\/\/dgospel.com.br\/portal\/?p=13951"},"modified":"2022-12-19T10:32:01","modified_gmt":"2022-12-19T13:32:01","slug":"policia-civil-deflagra-operacao-tribunal-e-prende-cinco-pessoas-suspeitas-de-integrar-uma-faccao-criminosa-em-paraiso-e-palmas","status":"publish","type":"post","link":"https:\/\/dgospel.com.br\/portal\/index.php\/2022\/12\/19\/policia-civil-deflagra-operacao-tribunal-e-prende-cinco-pessoas-suspeitas-de-integrar-uma-faccao-criminosa-em-paraiso-e-palmas\/","title":{"rendered":"Pol\u00edcia Civil deflagra Opera\u00e7\u00e3o Tribunal e prende cinco pessoas suspeitas de integrar uma fac\u00e7\u00e3o criminosa em Para\u00edso e Palmas"},"content":{"rendered":"\n<p>Quatro homens e uma mulher foram presos na manh\u00e3 desta segunda-feira, 19, por meio da&nbsp;<em>Opera\u00e7\u00e3o Tribunal<\/em>, deflagrada pela 6\u00aa Divis\u00e3o Especializada de Repress\u00e3o ao Crime Organizado &#8211; 6\u00aa Deic em Para\u00edso do Tocantins, com objetivo de dar cumprimento a 10 mandados de busca e apreens\u00e3o, no setor Vila Regina, em Para\u00edso, e no Jardim Taquari, em Palmas. Os presos pertencem a uma fac\u00e7\u00e3o criminosa e teriam realizado, em setembro deste ano, um Tribunal do Crime, na cidade de Para\u00edso.<\/p>\n\n\n\n<p>O delegado titular da 6\u00aa Deic em Para\u00edso, Ant\u00f4nio Onofre Oliveira da Silva Filho, explica que o Tribunal do Crime \u00e9 uma esp\u00e9cie de julgamento feito pela fac\u00e7\u00e3o criminosa contra membros de fac\u00e7\u00f5es rivais. \u201cEm setembro, os envolvidos teriam realizado um julgamento que eles denominam Tribunal do Crime contra uma v\u00edtima que eles suspeitavam ser de outra fac\u00e7\u00e3o criminosa. Eles se reuniram para decidir sobre a pena de morte, ou decreto como eles denominam. A v\u00edtima conseguiu escapar, mas sofreu ferimentos provocados por disparos de arma de fogo e passou mais de um m\u00eas hospitalizada\u201d, contou o delegado.<\/p>\n\n\n\n<p>A partir de ent\u00e3o, as investiga\u00e7\u00f5es tiveram in\u00edcio e os envolvidos foram identificados. \u201cNa data de hoje demos cumprimento a 10 mandados de busca e apreens\u00e3o, sendo um deles em Palmas. Ao todo eram oito mandados de pris\u00e3o, dos quais quatro foram cumpridos, e mais uma pessoa que estava na resid\u00eancia de um dos envolvidos tamb\u00e9m foi presa por posse de arma de fogo, totalizando cinco pris\u00f5es. Al\u00e9m disso, um dos alvos foi autuado em flagrante por tr\u00e1fico de drogas e posse de arma de fogo tamb\u00e9m\u201d, informou o delegado Ant\u00f4nio Onofre, destacando que al\u00e9m das pris\u00f5es, tr\u00eas armas de fogo foram apreendidas, al\u00e9m de por\u00e7\u00f5es de drogas e dinheiro oriundo do tr\u00e1fico.<\/p>\n\n\n\n<p>As investiga\u00e7\u00f5es continuam, uma vez que quatro pessoas, alvo da opera\u00e7\u00e3o de hoje, n\u00e3o foram encontradas nos respectivos endere\u00e7os.<\/p>\n\n\n\n<p>Todos os presos est\u00e3o sendo ouvidos na 6\u00aa Deic e ap\u00f3s os procedimentos legais cab\u00edveis ser\u00e3o encaminhados para as unidades prisionais de refer\u00eancia, onde permanecer\u00e3o \u00e0 disposi\u00e7\u00e3o da justi\u00e7a.<\/p>\n\n\n\n<p><img src=\"https:\/\/central.to.gov.br\/image\/312520?w=670&amp;h=383\"><\/p>\n\n\n\n<p>Uma das armas apreendidas, al\u00e9m de por\u00e7\u00f5es de drogas e dinheiro oriundo do tr\u00e1fico &#8211; Seguran\u00e7a P\u00fablica\/Governo do Tocantins\u00a0<\/p>\n\n\n\n<p><img src=\"https:\/\/central.to.gov.br\/image\/312521?w=670&amp;h=383\"><\/p>\n\n\n\n<p>Um dos mandados foi cumprido no Jardim Taquari, em Palmas &#8211; Seguran\u00e7a P\u00fablica\/Governo do Tocantins<\/p>\n","protected":false},"excerpt":{"rendered":"<p>Quatro homens e uma mulher foram presos na manh\u00e3 desta segunda-feira, 19, por meio da&nbsp;Opera\u00e7\u00e3o Tribunal, deflagrada pela 6\u00aa Divis\u00e3o Especializada de Repress\u00e3o ao Crime Organizado &#8211; 6\u00aa Deic em Para\u00edso do Tocantins, com objetivo de dar cumprimento a 10 mandados de busca e apreens\u00e3o, no setor Vila Regina, em Para\u00edso, e no Jardim Taquari, [&hellip;]<\/p>\n","protected":false},"author":2,"featured_media":13952,"comment_status":"open","ping_status":"open","sticky":false,"template":"","format":"standard","meta":[],"categories":[3],"tags":[13],"_links":{"self":[{"href":"https:\/\/dgospel.com.br\/portal\/index.php\/wp-json\/wp\/v2\/posts\/13951"}],"collection":[{"href":"https:\/\/dgospel.com.br\/portal\/index.php\/wp-json\/wp\/v2\/posts"}],"about":[{"href":"https:\/\/dgospel.com.br\/portal\/index.php\/wp-json\/wp\/v2\/types\/post"}],"author":[{"embeddable":true,"href":"https:\/\/dgospel.com.br\/portal\/index.php\/wp-json\/wp\/v2\/users\/2"}],"replies":[{"embeddable":true,"href":"https:\/\/dgospel.com.br\/portal\/index.php\/wp-json\/wp\/v2\/comments?post=13951"}],"version-history":[{"count":1,"href":"https:\/\/dgospel.com.br\/portal\/index.php\/wp-json\/wp\/v2\/posts\/13951\/revisions"}],"predecessor-version":[{"id":13953,"href":"https:\/\/dgospel.com.br\/portal\/index.php\/wp-json\/wp\/v2\/posts\/13951\/revisions\/13953"}],"wp:featuredmedia":[{"embeddable":true,"href":"https:\/\/dgospel.com.br\/portal\/index.php\/wp-json\/wp\/v2\/media\/13952"}],"wp:attachment":[{"href":"https:\/\/dgospel.com.br\/portal\/index.php\/wp-json\/wp\/v2\/media?parent=13951"}],"wp:term":[{"taxonomy":"category","embeddable":true,"href":"https:\/\/dgospel.com.br\/portal\/index.php\/wp-json\/wp\/v2\/categories?post=13951"},{"taxonomy":"post_tag","embeddable":true,"href":"https:\/\/dgospel.com.br\/portal\/index.php\/wp-json\/wp\/v2\/tags?post=13951"}],"curies":[{"name":"wp","href":"https:\/\/api.w.org\/{rel}","templated":true}]}}