{"id":1396,"date":"2018-09-20T14:13:51","date_gmt":"2018-09-20T17:13:51","guid":{"rendered":"http:\/\/dgospel.com.br\/portal\/?p=1396"},"modified":"2018-09-20T15:57:23","modified_gmt":"2018-09-20T18:57:23","slug":"eli-borges-faz-o-lancamento-oficial-da-sua-candidatura-para-deputado-federal-nesta-sexta-feira-em-palmas","status":"publish","type":"post","link":"https:\/\/dgospel.com.br\/portal\/index.php\/2018\/09\/20\/eli-borges-faz-o-lancamento-oficial-da-sua-candidatura-para-deputado-federal-nesta-sexta-feira-em-palmas\/","title":{"rendered":"Eli Borges faz o lan\u00e7amento oficial da sua candidatura para deputado federal nesta sexta-feira, em Palmas"},"content":{"rendered":"<p>Na pr\u00f3xima sexta-feira, dia 21 de setembro, \u00e0s 19h, o deputado Eli Borges faz o lan\u00e7amento oficial da sua candidatura para deputado federal pelo Solidariedade. O lan\u00e7amento acontecer\u00e1 na ch\u00e1cara Uno, no Aureny, IV, regi\u00e3o sul de Palmas.<\/p>\n<p>Como um nome forte do partido, Eli Borges que \u00e9 pastor da Assembleia de Deus, est\u00e1 na disputa por uma cadeira na C\u00e2mara Federal, atendendo o desejo do povo tocantinense, que \u00e9 de ter um deputado federal honesto, integro, ficha limpa, e que defende a fam\u00edlia tradicional.<\/p>\n<p>&nbsp;<\/p>\n<h4><strong>Biografia:<\/strong><\/h4>\n<p>Eli Dias Borges est\u00e1 no seu quarto mandato de deputado estadual. Atuou nos \u00faltimos anos em v\u00e1rias \u00e1reas com foco na defesa dos valores da fam\u00edlia. Durante sua trajet\u00f3ria pol\u00edtica, foi eleito vereador da Capital por tr\u00eas mandatos consecutivos e, em 2002, conquistou pela primeira vez uma vaga na Assembleia. Nesta condi\u00e7\u00e3o, foi reeleito em 2006, 2010 e 2014. Filho de agropecuarista, Eli Borges \u00e9 natural de Ipameri (GO). Formado em Contabilidade e Teologia. J\u00e1 trabalhou como funcion\u00e1rio da concession\u00e1ria de autom\u00f3veis, de empresa de telefonia e do Banco do Brasil. \u00c9 casado com Maria Ulisses Pedroza Borges e tem tr\u00eas filhos: Thiago, Paulo Henrique e Lucas.<\/p>\n","protected":false},"excerpt":{"rendered":"<p>Na pr\u00f3xima sexta-feira, dia 21 de setembro, \u00e0s 19h, o deputado Eli Borges faz o lan\u00e7amento oficial da sua candidatura para deputado federal pelo Solidariedade. O lan\u00e7amento acontecer\u00e1 na ch\u00e1cara Uno, no Aureny, IV, regi\u00e3o sul de Palmas. Como um nome forte do partido, Eli Borges que \u00e9 pastor da Assembleia de Deus, est\u00e1 na [&hellip;]<\/p>\n","protected":false},"author":2,"featured_media":1397,"comment_status":"open","ping_status":"open","sticky":false,"template":"","format":"standard","meta":[],"categories":[2,4],"tags":[],"_links":{"self":[{"href":"https:\/\/dgospel.com.br\/portal\/index.php\/wp-json\/wp\/v2\/posts\/1396"}],"collection":[{"href":"https:\/\/dgospel.com.br\/portal\/index.php\/wp-json\/wp\/v2\/posts"}],"about":[{"href":"https:\/\/dgospel.com.br\/portal\/index.php\/wp-json\/wp\/v2\/types\/post"}],"author":[{"embeddable":true,"href":"https:\/\/dgospel.com.br\/portal\/index.php\/wp-json\/wp\/v2\/users\/2"}],"replies":[{"embeddable":true,"href":"https:\/\/dgospel.com.br\/portal\/index.php\/wp-json\/wp\/v2\/comments?post=1396"}],"version-history":[{"count":3,"href":"https:\/\/dgospel.com.br\/portal\/index.php\/wp-json\/wp\/v2\/posts\/1396\/revisions"}],"predecessor-version":[{"id":1401,"href":"https:\/\/dgospel.com.br\/portal\/index.php\/wp-json\/wp\/v2\/posts\/1396\/revisions\/1401"}],"wp:featuredmedia":[{"embeddable":true,"href":"https:\/\/dgospel.com.br\/portal\/index.php\/wp-json\/wp\/v2\/media\/1397"}],"wp:attachment":[{"href":"https:\/\/dgospel.com.br\/portal\/index.php\/wp-json\/wp\/v2\/media?parent=1396"}],"wp:term":[{"taxonomy":"category","embeddable":true,"href":"https:\/\/dgospel.com.br\/portal\/index.php\/wp-json\/wp\/v2\/categories?post=1396"},{"taxonomy":"post_tag","embeddable":true,"href":"https:\/\/dgospel.com.br\/portal\/index.php\/wp-json\/wp\/v2\/tags?post=1396"}],"curies":[{"name":"wp","href":"https:\/\/api.w.org\/{rel}","templated":true}]}}