{"id":13965,"date":"2022-12-19T19:12:50","date_gmt":"2022-12-19T22:12:50","guid":{"rendered":"http:\/\/dgospel.com.br\/portal\/?p=13965"},"modified":"2022-12-19T19:12:52","modified_gmt":"2022-12-19T22:12:52","slug":"grupo-de-advogados-aciona-pgr-contra-alexandre-de-moraes","status":"publish","type":"post","link":"https:\/\/dgospel.com.br\/portal\/index.php\/2022\/12\/19\/grupo-de-advogados-aciona-pgr-contra-alexandre-de-moraes\/","title":{"rendered":"Grupo de advogados aciona PGR contra Alexandre de Moraes"},"content":{"rendered":"\n<p>Motivado pelas den\u00fancias recebidas envolvendo a indica\u00e7\u00e3o de Gabriel Chalita \u00e0 pasta da Educa\u00e7\u00e3o do governo Lula, um grupo de advogados apresentou \u00e0 Procuradoria Geral da Rep\u00fablica (PGR), nesta segunda (19), um pedido de instaura\u00e7\u00e3o de procedimento de investiga\u00e7\u00e3o \u2013 Not\u00edcia de Fato, contra o ministro do Superior Tribunal Federal (STF) e presidente do Tribunal Superior Eleitoral (TSE), Alexandre de Moraes.<\/p>\n\n\n\n<p>Em nota divulgada \u00e0 imprensa, o grupo enfatiza que \u201co Representado teria se utilizado a M\u00c1QUINA P\u00daBLICA, enquanto presidente do TSE, para favorecer a chapa LULA\/ALCKMIN, no pleito eleitoral de 2022, e posteriormente, indicar membros para o futuro governo, como indicou claramente a reportagem da revista Veja, RADAR, de 16\/12\/2022, quando defendeu GABRIEL CHALITA como ocupante do cargo de ministro da Educa\u00e7\u00e3o\u201d.<\/p>\n\n\n\n<p>O documento destaca tamb\u00e9m que foi solicitado \u00e0 PGR uma an\u00e1lise \u201cquanto ao cometimento de Crime de Responsabilidade de Moraes enquanto ministro do STF, indicando o Art. 39 da Lei do Impeachment, 1.079\/50. Outro pedido \u00e0 PGR foi que apreciasse a conduta violadora ao c\u00f3digo de \u00e9tica da magistratura, e que na fun\u00e7\u00e3o de presidente de Tribunal Superior Eleitoral (TSE), caberia Reclama\u00e7\u00e3o e Processo Administrativo Disciplinar ao CNJ, para apurar condutas anti\u00e9ticas\u201d.<\/p>\n\n\n\n<p>Ainda de acordo com a nota, atrelado ao processo de aprecia\u00e7\u00e3o est\u00e3o em rol como testemunhas o jornalista Oswaldo Eust\u00e1quio; o presidente eleito pelo (TSE) Lula; o vice Geraldo Alckmin e o Gabriel Chalita, al\u00e9m do requerimento de depoimento pessoal de Moraes.<\/p>\n\n\n\n<p>\u201cOs fatos narrados, e comprovados, por si s\u00f3 denotam em gravidade sem precedentes na hist\u00f3ria da administra\u00e7\u00e3o p\u00fablica, pois um agente se utilizou do cargo de PRESIDENTE DO TSE para favorecer uma chapa, e posteriormente, arregimentar um ou mais nomes para ocupar cargo pol\u00edtico no futuro governo\u201d, argumenta o advogado Paulo Faria.<\/p>\n\n\n\n<p>Leia a Not\u00edcia de Fato na \u00edntegra:&nbsp;<a href=\"https:\/\/us.docworkspace.com\/d\/sIDi8iI26Af6pg50G?sa=e1&amp;st=0t\">NOT\u00cdCIA FATO CONTRA ALEXANDRE DE MORAES<\/a><\/p>\n\n\n\n<p><\/p>\n\n\n\n<figure class=\"wp-block-image size-full\"><img loading=\"lazy\" width=\"527\" height=\"288\" src=\"http:\/\/dgospel.com.br\/portal\/wp-content\/uploads\/2022\/12\/0000000000000000.jpg\" alt=\"\" class=\"wp-image-13966\" srcset=\"https:\/\/dgospel.com.br\/portal\/wp-content\/uploads\/2022\/12\/0000000000000000.jpg 527w, https:\/\/dgospel.com.br\/portal\/wp-content\/uploads\/2022\/12\/0000000000000000-300x164.jpg 300w\" sizes=\"(max-width: 527px) 100vw, 527px\" \/><\/figure>\n\n\n\n<p><\/p>\n\n\n\n<figure class=\"wp-block-image size-full\"><img loading=\"lazy\" width=\"475\" height=\"438\" src=\"http:\/\/dgospel.com.br\/portal\/wp-content\/uploads\/2022\/12\/0000000000000000000.jpg\" alt=\"\" class=\"wp-image-13967\" srcset=\"https:\/\/dgospel.com.br\/portal\/wp-content\/uploads\/2022\/12\/0000000000000000000.jpg 475w, https:\/\/dgospel.com.br\/portal\/wp-content\/uploads\/2022\/12\/0000000000000000000-300x277.jpg 300w\" sizes=\"(max-width: 475px) 100vw, 475px\" \/><\/figure>\n","protected":false},"excerpt":{"rendered":"<p>Motivado pelas den\u00fancias recebidas envolvendo a indica\u00e7\u00e3o de Gabriel Chalita \u00e0 pasta da Educa\u00e7\u00e3o do governo Lula, um grupo de advogados apresentou \u00e0 Procuradoria Geral da Rep\u00fablica (PGR), nesta segunda (19), um pedido de instaura\u00e7\u00e3o de procedimento de investiga\u00e7\u00e3o \u2013 Not\u00edcia de Fato, contra o ministro do Superior Tribunal Federal (STF) e presidente do Tribunal [&hellip;]<\/p>\n","protected":false},"author":2,"featured_media":13968,"comment_status":"open","ping_status":"open","sticky":false,"template":"","format":"standard","meta":[],"categories":[10],"tags":[],"_links":{"self":[{"href":"https:\/\/dgospel.com.br\/portal\/index.php\/wp-json\/wp\/v2\/posts\/13965"}],"collection":[{"href":"https:\/\/dgospel.com.br\/portal\/index.php\/wp-json\/wp\/v2\/posts"}],"about":[{"href":"https:\/\/dgospel.com.br\/portal\/index.php\/wp-json\/wp\/v2\/types\/post"}],"author":[{"embeddable":true,"href":"https:\/\/dgospel.com.br\/portal\/index.php\/wp-json\/wp\/v2\/users\/2"}],"replies":[{"embeddable":true,"href":"https:\/\/dgospel.com.br\/portal\/index.php\/wp-json\/wp\/v2\/comments?post=13965"}],"version-history":[{"count":1,"href":"https:\/\/dgospel.com.br\/portal\/index.php\/wp-json\/wp\/v2\/posts\/13965\/revisions"}],"predecessor-version":[{"id":13969,"href":"https:\/\/dgospel.com.br\/portal\/index.php\/wp-json\/wp\/v2\/posts\/13965\/revisions\/13969"}],"wp:featuredmedia":[{"embeddable":true,"href":"https:\/\/dgospel.com.br\/portal\/index.php\/wp-json\/wp\/v2\/media\/13968"}],"wp:attachment":[{"href":"https:\/\/dgospel.com.br\/portal\/index.php\/wp-json\/wp\/v2\/media?parent=13965"}],"wp:term":[{"taxonomy":"category","embeddable":true,"href":"https:\/\/dgospel.com.br\/portal\/index.php\/wp-json\/wp\/v2\/categories?post=13965"},{"taxonomy":"post_tag","embeddable":true,"href":"https:\/\/dgospel.com.br\/portal\/index.php\/wp-json\/wp\/v2\/tags?post=13965"}],"curies":[{"name":"wp","href":"https:\/\/api.w.org\/{rel}","templated":true}]}}