{"id":13970,"date":"2022-12-20T09:37:41","date_gmt":"2022-12-20T12:37:41","guid":{"rendered":"http:\/\/dgospel.com.br\/portal\/?p=13970"},"modified":"2022-12-20T09:37:42","modified_gmt":"2022-12-20T12:37:42","slug":"ue-registra-mais-de-mil-casos-de-miocardite-em-criancas-vacinadas-contra-covid","status":"publish","type":"post","link":"https:\/\/dgospel.com.br\/portal\/index.php\/2022\/12\/20\/ue-registra-mais-de-mil-casos-de-miocardite-em-criancas-vacinadas-contra-covid\/","title":{"rendered":"UE registra mais de mil casos de miocardite em crian\u00e7as vacinadas contra covid"},"content":{"rendered":"\n<p>Divulgado no s\u00e1bado 17, um balan\u00e7o dos servi\u00e7os de sa\u00fade da Uni\u00e3o Europeia (UE) revelou que pouco mais de mil crian\u00e7as (entre 5 e 11 anos) vacinadas contra a covid-19, cujos imunizantes usam a tecnologia de RNA mensageiro (mRNA), apresentaram miocardite e pericardite.<\/p>\n\n\n\n<p>Entre as vacinadas com a Comirnaty, vacina da Pfizer, foram 901 casos; entre os vacinados com a Spikevax, da Moderna, 106. Ao todo, 16 milh\u00f5es de crian\u00e7as foram vacinadas com a Pfizer e 35 milh\u00f5es, com a Moderna. \u201cN\u00e3o foram identificados casos de miocardite em crian\u00e7as entre os 6 meses a 4\/5 anos de idade\u201d, diz o relat\u00f3rio da UE.<\/p>\n\n\n\n<p>A miocardite e a pericardite s\u00e3o doen\u00e7as inflamat\u00f3rias do cora\u00e7\u00e3o que se manifestam geralmente por falta de ar, dor no peito e batimento card\u00edaco intenso, que pode ser irregular (palpita\u00e7\u00f5es).<\/p>\n\n\n\n<p>De acordo com o comunicado, os casos referidos pelo Comit\u00ea de Avalia\u00e7\u00e3o do Risco em Farmacovigil\u00e2ncia da Ag\u00eancia Europeia de Medicamentos \u201cforam observados maioritariamente nos 14 dias subsequentes \u00e0 vacina\u00e7\u00e3o, mais frequentemente ap\u00f3s a segunda dose e em jovens adultos do sexo masculino\u201d.<\/p>\n\n\n\n<p>O texto informa que, \u201cde acordo com os dados dispon\u00edveis, o desenvolvimento de miocardite e pericardite ap\u00f3s a vacina\u00e7\u00e3o segue um perfil cl\u00ednico t\u00edpico, geralmente com melhoria ap\u00f3s descanso ou tratamento\u201d.&nbsp;<\/p>\n\n\n\n<p>Em Portugal, a Dire\u00e7\u00e3o Geral de Sa\u00fade do Minist\u00e9rio da Sa\u00fade&nbsp;<a href=\"https:\/\/www.dgs.pt\/ficheiros-de-upload-2013\/comirnaty-criancas-v2-pdf.aspx\"><strong>publicou na semana passada, em seu site<\/strong><\/a>, uma recomenda\u00e7\u00e3o aos profissionais de sa\u00fade para terem aten\u00e7\u00e3o a sinais e sintomas de miocardite e pericardite nas crian\u00e7as nos primeiros 14 dias depois de receberem a nova vacina contra a covid-19 da Pfizer.<\/p>\n\n\n\n<p>No Brasil, ainda em 2021, a Ag\u00eancia Nacional de Vigil\u00e2ncia Sanit\u00e1ria<a href=\"https:\/\/revistaoeste.com\/brasil\/anvisa-alerta-sobre-risco-de-miocardite-e-pericardite-apos-vacinacao-com-imunizantes-de-rna-mensageiro\/\">&nbsp;<strong>alertou, em julho de 2021<\/strong><\/a>, para casos de miocardite e pericardite registrados em outros pa\u00edses em decorr\u00eancia da vacina\u00e7\u00e3o com imunizantes com mRNA.<\/p>\n","protected":false},"excerpt":{"rendered":"<p>Divulgado no s\u00e1bado 17, um balan\u00e7o dos servi\u00e7os de sa\u00fade da Uni\u00e3o Europeia (UE) revelou que pouco mais de mil crian\u00e7as (entre 5 e 11 anos) vacinadas contra a covid-19, cujos imunizantes usam a tecnologia de RNA mensageiro (mRNA), apresentaram miocardite e pericardite. Entre as vacinadas com a Comirnaty, vacina da Pfizer, foram 901 casos; [&hellip;]<\/p>\n","protected":false},"author":2,"featured_media":13971,"comment_status":"open","ping_status":"open","sticky":false,"template":"","format":"standard","meta":[],"categories":[10],"tags":[],"_links":{"self":[{"href":"https:\/\/dgospel.com.br\/portal\/index.php\/wp-json\/wp\/v2\/posts\/13970"}],"collection":[{"href":"https:\/\/dgospel.com.br\/portal\/index.php\/wp-json\/wp\/v2\/posts"}],"about":[{"href":"https:\/\/dgospel.com.br\/portal\/index.php\/wp-json\/wp\/v2\/types\/post"}],"author":[{"embeddable":true,"href":"https:\/\/dgospel.com.br\/portal\/index.php\/wp-json\/wp\/v2\/users\/2"}],"replies":[{"embeddable":true,"href":"https:\/\/dgospel.com.br\/portal\/index.php\/wp-json\/wp\/v2\/comments?post=13970"}],"version-history":[{"count":1,"href":"https:\/\/dgospel.com.br\/portal\/index.php\/wp-json\/wp\/v2\/posts\/13970\/revisions"}],"predecessor-version":[{"id":13972,"href":"https:\/\/dgospel.com.br\/portal\/index.php\/wp-json\/wp\/v2\/posts\/13970\/revisions\/13972"}],"wp:featuredmedia":[{"embeddable":true,"href":"https:\/\/dgospel.com.br\/portal\/index.php\/wp-json\/wp\/v2\/media\/13971"}],"wp:attachment":[{"href":"https:\/\/dgospel.com.br\/portal\/index.php\/wp-json\/wp\/v2\/media?parent=13970"}],"wp:term":[{"taxonomy":"category","embeddable":true,"href":"https:\/\/dgospel.com.br\/portal\/index.php\/wp-json\/wp\/v2\/categories?post=13970"},{"taxonomy":"post_tag","embeddable":true,"href":"https:\/\/dgospel.com.br\/portal\/index.php\/wp-json\/wp\/v2\/tags?post=13970"}],"curies":[{"name":"wp","href":"https:\/\/api.w.org\/{rel}","templated":true}]}}