{"id":13973,"date":"2022-12-21T09:03:49","date_gmt":"2022-12-21T12:03:49","guid":{"rendered":"http:\/\/dgospel.com.br\/portal\/?p=13973"},"modified":"2022-12-21T09:03:50","modified_gmt":"2022-12-21T12:03:50","slug":"camara-reduz-prazo-da-pec-da-gastanca-de-dois-para-um-ano","status":"publish","type":"post","link":"https:\/\/dgospel.com.br\/portal\/index.php\/2022\/12\/21\/camara-reduz-prazo-da-pec-da-gastanca-de-dois-para-um-ano\/","title":{"rendered":"C\u00e2mara reduz prazo da PEC da Gastan\u00e7a de dois para um ano"},"content":{"rendered":"\n<p>A&nbsp;<a href=\"https:\/\/www.youtube.com\/c\/C%C3%A2maradosDeputadosoficial\" target=\"_blank\" rel=\"noreferrer noopener\"><strong>C\u00e2mara dos Deputados<\/strong><\/a>&nbsp;fechou um acordo com o governo eleito que reduz a validade da Proposta de Emenda \u00e0 Constitui\u00e7\u00e3o (PEC) 32\/2022 (apelidada \u201cda Gastan\u00e7a\u201d) de dois anos para um ano. O acordo vai viabilizar a aprova\u00e7\u00e3o da PEC que envolve a redistribui\u00e7\u00e3o das verbas do Or\u00e7amento secreto, considerado inconstitucional pelo Supremo Tribunal Federal (STF), na segunda-feira 19.<\/p>\n\n\n\n<p>O acordo foi discutido na resid\u00eancia oficial da C\u00e2mara entre Arthur Lira (PP-AL), presidente da C\u00e2mara, os l\u00edderes da Casa e o futuro ministro da Fazenda, Fernando Haddad. Os deputados de centro se articulam para tentar diminuir o valor da proposta, a come\u00e7ar pelos \u201cpenduricalhos\u201d, ou seja, diminuindo as exce\u00e7\u00f5es ao teto inclu\u00eddas no texto.<\/p>\n\n\n\n<p>A aprova\u00e7\u00e3o da PEC \u00e9 a \u00fanica aposta do governo eleito para que Lula possa cumprir as promessas de campanha. O texto aprovado no Senado aumenta o teto de gastos em R$ 145 bilh\u00f5es durante dois anos para bancar o programa Bolsa Fam\u00edlia e libera da regra fiscal R$ 23 bilh\u00f5es para investimentos j\u00e1 a partir deste ano. O texto traz ainda outras exce\u00e7\u00f5es ao teto \u2014 totalizando um impacto fiscal de R$ 193,7 bilh\u00f5es, segundo c\u00e1lculos do Tesouro Nacional.<\/p>\n\n\n\n<p>LEIA TAMB\u00c9M:<\/p>\n\n\n\n<ul><li><a href=\"https:\/\/revistaoeste.com\/politica\/parlamentares-criticam-interferencia-de-gilmar-mendes-no-legislativo\/\" target=\"_blank\" rel=\"noreferrer noopener\">Parlamentares criticam interfer\u00eancia de Gilmar Mendes no Legislativo<\/a><\/li><li><a href=\"https:\/\/revistaoeste.com\/politica\/pedir-sos-forcas-armadas-e-crime-afirma-flavio-dino\/\" target=\"_blank\" rel=\"noreferrer noopener\">Pedir \u2018S.O.S., For\u00e7as Armadas\u2019 \u00e9 crime, afirma Fl\u00e1vio Dino<\/a><\/li><\/ul>\n\n\n\n<h2>Randolfe Rodrigues quer tirar R$ 162 bilh\u00f5es do teto de gastos<\/h2>\n\n\n\n<p>O partido Rede Sustentabilidade, tendo como representante principal o senador Randolfe Rodrigues, prepara um novo recurso ao Supremo Tribunal Federal (STF) para que os R$ 162 bilh\u00f5es de recomposi\u00e7\u00e3o or\u00e7ament\u00e1ria em 2023 fiquem fora do teto, e n\u00e3o somente os R$ 70 bilh\u00f5es direcionados ao Aux\u00edlio Brasil.<\/p>\n\n\n\n<p>Randolfe Rodrigues disse, na segunda-feira 19, ao&nbsp;<em>Poder 360,&nbsp;<\/em>que, se tiver uma \u201csinaliza\u00e7\u00e3o da C\u00e2mara\u201d de que vai votar a PEC da Gastan\u00e7a aprovada no Senado, com furo de mais de R$ 200 bilh\u00f5es, \u201cnem precisa\u201d recorrer ao STF. No domingo 18, o ministro Gilmar Mendes, do STF, concedeu uma<a href=\"https:\/\/portal.stf.jus.br\/noticias\/verNoticiaDetalhe.asp?idConteudo=499282&amp;ori=1\" target=\"_blank\" rel=\"noreferrer noopener\"><strong>&nbsp;liminar<\/strong><\/a>&nbsp;autorizando que o dinheiro para o Aux\u00edlio Brasil possa ser obtido pela utiliza\u00e7\u00e3o suplementar de cr\u00e9dito extraordin\u00e1rio via medida provis\u00f3ria. Na avalia\u00e7\u00e3o de Rodrigues, a decis\u00e3o do ministro Gilmar Mendes tira o Aux\u00edlio Brasil do teto \u2018para sempre\u2019.<\/p>\n\n\n\n<p>O ministro fez refer\u00eancia expl\u00edcita \u00e0 verba para a manuten\u00e7\u00e3o do benef\u00edcio m\u00ednimo em R$ 600. Mas o despacho tamb\u00e9m autoriza o pagamento de R$ 150 por crian\u00e7a de at\u00e9 6 anos de fam\u00edlias inscritas no programa. O custo anual dessas duas medidas \u00e9 de R$ 70 bilh\u00f5es, adicionais aos R$ 105 bilh\u00f5es j\u00e1 reservados no Or\u00e7amento de 2023 para o programa assistencial.<\/p>\n\n\n\n<p>O parlamentar, atrav\u00e9s do partido Rede, autora da not\u00edcia de descumprimento que deu origem \u00e0 liminar de Gilmar Mendes, quer apresentar embargos de declara\u00e7\u00e3o pedindo para o ministro esclarecer se sua decis\u00e3o tamb\u00e9m autoriza o uso de cr\u00e9dito extraordin\u00e1rio para os R$ 92 bilh\u00f5es restantes de recomposi\u00e7\u00e3o or\u00e7ament\u00e1ria depois de garantidos os R$ 70 bilh\u00f5es do Aux\u00edlio Brasil.<\/p>\n","protected":false},"excerpt":{"rendered":"<p>A&nbsp;C\u00e2mara dos Deputados&nbsp;fechou um acordo com o governo eleito que reduz a validade da Proposta de Emenda \u00e0 Constitui\u00e7\u00e3o (PEC) 32\/2022 (apelidada \u201cda Gastan\u00e7a\u201d) de dois anos para um ano. O acordo vai viabilizar a aprova\u00e7\u00e3o da PEC que envolve a redistribui\u00e7\u00e3o das verbas do Or\u00e7amento secreto, considerado inconstitucional pelo Supremo Tribunal Federal (STF), na [&hellip;]<\/p>\n","protected":false},"author":2,"featured_media":13974,"comment_status":"open","ping_status":"open","sticky":false,"template":"","format":"standard","meta":[],"categories":[8],"tags":[13],"_links":{"self":[{"href":"https:\/\/dgospel.com.br\/portal\/index.php\/wp-json\/wp\/v2\/posts\/13973"}],"collection":[{"href":"https:\/\/dgospel.com.br\/portal\/index.php\/wp-json\/wp\/v2\/posts"}],"about":[{"href":"https:\/\/dgospel.com.br\/portal\/index.php\/wp-json\/wp\/v2\/types\/post"}],"author":[{"embeddable":true,"href":"https:\/\/dgospel.com.br\/portal\/index.php\/wp-json\/wp\/v2\/users\/2"}],"replies":[{"embeddable":true,"href":"https:\/\/dgospel.com.br\/portal\/index.php\/wp-json\/wp\/v2\/comments?post=13973"}],"version-history":[{"count":1,"href":"https:\/\/dgospel.com.br\/portal\/index.php\/wp-json\/wp\/v2\/posts\/13973\/revisions"}],"predecessor-version":[{"id":13975,"href":"https:\/\/dgospel.com.br\/portal\/index.php\/wp-json\/wp\/v2\/posts\/13973\/revisions\/13975"}],"wp:featuredmedia":[{"embeddable":true,"href":"https:\/\/dgospel.com.br\/portal\/index.php\/wp-json\/wp\/v2\/media\/13974"}],"wp:attachment":[{"href":"https:\/\/dgospel.com.br\/portal\/index.php\/wp-json\/wp\/v2\/media?parent=13973"}],"wp:term":[{"taxonomy":"category","embeddable":true,"href":"https:\/\/dgospel.com.br\/portal\/index.php\/wp-json\/wp\/v2\/categories?post=13973"},{"taxonomy":"post_tag","embeddable":true,"href":"https:\/\/dgospel.com.br\/portal\/index.php\/wp-json\/wp\/v2\/tags?post=13973"}],"curies":[{"name":"wp","href":"https:\/\/api.w.org\/{rel}","templated":true}]}}