{"id":13976,"date":"2022-12-21T09:20:02","date_gmt":"2022-12-21T12:20:02","guid":{"rendered":"http:\/\/dgospel.com.br\/portal\/?p=13976"},"modified":"2022-12-21T09:20:03","modified_gmt":"2022-12-21T12:20:03","slug":"exercito-nao-ordenou-retirada-de-acampamento-de-manifestantes","status":"publish","type":"post","link":"https:\/\/dgospel.com.br\/portal\/index.php\/2022\/12\/21\/exercito-nao-ordenou-retirada-de-acampamento-de-manifestantes\/","title":{"rendered":"Ex\u00e9rcito n\u00e3o ordenou retirada de acampamento de manifestantes"},"content":{"rendered":"\n<p>Circula nas redes sociais, nesta ter\u00e7a-feira (20), o v\u00eddeo de um manifestante afirmando que todos [os manifestantes] passariam o natal em casa pois o Ex\u00e9rcito teria ordenado a retirada das barracas do acampamento. Por\u00e9m, o Ex\u00e9rcito nega que tenha partido qualquer tipo de ordem desse tipo das For\u00e7as Armadas.<\/p>\n\n\n\n<p>No v\u00eddeo em quest\u00e3o, um homem com farda da Pol\u00edcia do Ex\u00e9rcito afirma que as manifesta\u00e7\u00f5es podem ocorrer mas que n\u00e3o poderiam permanecer com as barracas.<\/p>\n\n\n\n<p>Ap\u00f3s a circula\u00e7\u00e3o do v\u00eddeo, v\u00e1rios manifestantes afirmando que o homem \u00e9 mais um infiltrado e o chamaram de criminoso.<\/p>\n\n\n\n<p>\u201cEssa pistola \u00e9 falsa, o coturno \u00e9 fora do padr\u00e3o da PE [Pol\u00edcia do Ex\u00e9rcito], o cara n\u00e3o tem identifica\u00e7\u00e3o, n\u00e3o tem patente, cabelo \u00e9 grande. Se fosse oficial, o cabelo estava no padr\u00e3o. O adesivo da bandeira do Brasil est\u00e1 autocolado, aquilo ali \u00e9 um velcro. Tudo \u00e9 falso ali. Completamente falso. Os caras s\u00e3o bons, hein\u201d, disse, em \u00e1udio, um manifestante.<\/p>\n\n\n\n<h1><\/h1>\n","protected":false},"excerpt":{"rendered":"<p>Circula nas redes sociais, nesta ter\u00e7a-feira (20), o v\u00eddeo de um manifestante afirmando que todos [os manifestantes] passariam o natal em casa pois o Ex\u00e9rcito teria ordenado a retirada das barracas do acampamento. Por\u00e9m, o Ex\u00e9rcito nega que tenha partido qualquer tipo de ordem desse tipo das For\u00e7as Armadas. No v\u00eddeo em quest\u00e3o, um homem [&hellip;]<\/p>\n","protected":false},"author":2,"featured_media":13977,"comment_status":"open","ping_status":"open","sticky":false,"template":"","format":"standard","meta":[],"categories":[10],"tags":[],"_links":{"self":[{"href":"https:\/\/dgospel.com.br\/portal\/index.php\/wp-json\/wp\/v2\/posts\/13976"}],"collection":[{"href":"https:\/\/dgospel.com.br\/portal\/index.php\/wp-json\/wp\/v2\/posts"}],"about":[{"href":"https:\/\/dgospel.com.br\/portal\/index.php\/wp-json\/wp\/v2\/types\/post"}],"author":[{"embeddable":true,"href":"https:\/\/dgospel.com.br\/portal\/index.php\/wp-json\/wp\/v2\/users\/2"}],"replies":[{"embeddable":true,"href":"https:\/\/dgospel.com.br\/portal\/index.php\/wp-json\/wp\/v2\/comments?post=13976"}],"version-history":[{"count":1,"href":"https:\/\/dgospel.com.br\/portal\/index.php\/wp-json\/wp\/v2\/posts\/13976\/revisions"}],"predecessor-version":[{"id":13978,"href":"https:\/\/dgospel.com.br\/portal\/index.php\/wp-json\/wp\/v2\/posts\/13976\/revisions\/13978"}],"wp:featuredmedia":[{"embeddable":true,"href":"https:\/\/dgospel.com.br\/portal\/index.php\/wp-json\/wp\/v2\/media\/13977"}],"wp:attachment":[{"href":"https:\/\/dgospel.com.br\/portal\/index.php\/wp-json\/wp\/v2\/media?parent=13976"}],"wp:term":[{"taxonomy":"category","embeddable":true,"href":"https:\/\/dgospel.com.br\/portal\/index.php\/wp-json\/wp\/v2\/categories?post=13976"},{"taxonomy":"post_tag","embeddable":true,"href":"https:\/\/dgospel.com.br\/portal\/index.php\/wp-json\/wp\/v2\/tags?post=13976"}],"curies":[{"name":"wp","href":"https:\/\/api.w.org\/{rel}","templated":true}]}}