{"id":13979,"date":"2022-12-21T09:34:27","date_gmt":"2022-12-21T12:34:27","guid":{"rendered":"http:\/\/dgospel.com.br\/portal\/?p=13979"},"modified":"2022-12-21T09:34:28","modified_gmt":"2022-12-21T12:34:28","slug":"senador-carlos-viana-cria-frente-evangelica-no-senado","status":"publish","type":"post","link":"https:\/\/dgospel.com.br\/portal\/index.php\/2022\/12\/21\/senador-carlos-viana-cria-frente-evangelica-no-senado\/","title":{"rendered":"Senador Carlos Viana cria Frente Evang\u00e9lica no Senado"},"content":{"rendered":"\n<p>O Senado Federal aprovou, nesta ter\u00e7a-feira (20), a instala\u00e7\u00e3o da Frente Parlamentar Evang\u00e9lica, um projeto apresentado pelo senador Carlos Viana (PL-MG).<\/p>\n\n\n\n<p>A justificativa para separar a Bancada j\u00e1 existente \u00e9 o crescimento do n\u00famero de senadores evang\u00e9licos eleitos para a pr\u00f3xima legislatura.<\/p>\n\n\n\n<p>\u2013 No pr\u00f3ximo ano teremos cerca de 150 parlamentares evang\u00e9licos, entre os quais 14 senadores. \u00c9 natural que com o aumento de participantes n\u00f3s desdobremos os trabalhos nas duas Casas \u2013 disse Viana, o primeiro senador evang\u00e9lico eleito por Minas Gerais.<\/p>\n\n\n\n<p>\u2013 A Frente na C\u00e2mara dos Deputados \u00e9 pioneira e tem o nosso carinho. Com consenso decidimos ter um grupo no Senado. Com isso, n\u00f3s queremos deixar claro a posi\u00e7\u00e3o dos crist\u00e3os em rela\u00e7\u00e3o \u00e0 pol\u00edtica. N\u00e3o queremos impor nada a ningu\u00e9m. Temos uma Constitui\u00e7\u00e3o e o pa\u00eds \u00e9 laico, mas queremos ser respeitados em todos os nossos pontos, na defesa da fam\u00edlia, na defesa da liberdade religiosa e na liberdade de nossos cultos \u2013 explicou.<\/p>\n\n\n\n<p>De acordo com o parlamentar, a nova frente poder\u00e1 propor medidas legislativas para garantir a liberdade religiosa e de credo, bem como ampliar a atua\u00e7\u00e3o e abrang\u00eancia dos benef\u00edcios assistenciais \u00e0s pessoas em situa\u00e7\u00e3o de vulnerabilidade.<\/p>\n","protected":false},"excerpt":{"rendered":"<p>O Senado Federal aprovou, nesta ter\u00e7a-feira (20), a instala\u00e7\u00e3o da Frente Parlamentar Evang\u00e9lica, um projeto apresentado pelo senador Carlos Viana (PL-MG). A justificativa para separar a Bancada j\u00e1 existente \u00e9 o crescimento do n\u00famero de senadores evang\u00e9licos eleitos para a pr\u00f3xima legislatura. \u2013 No pr\u00f3ximo ano teremos cerca de 150 parlamentares evang\u00e9licos, entre os quais [&hellip;]<\/p>\n","protected":false},"author":2,"featured_media":13980,"comment_status":"open","ping_status":"open","sticky":false,"template":"","format":"standard","meta":[],"categories":[5],"tags":[],"_links":{"self":[{"href":"https:\/\/dgospel.com.br\/portal\/index.php\/wp-json\/wp\/v2\/posts\/13979"}],"collection":[{"href":"https:\/\/dgospel.com.br\/portal\/index.php\/wp-json\/wp\/v2\/posts"}],"about":[{"href":"https:\/\/dgospel.com.br\/portal\/index.php\/wp-json\/wp\/v2\/types\/post"}],"author":[{"embeddable":true,"href":"https:\/\/dgospel.com.br\/portal\/index.php\/wp-json\/wp\/v2\/users\/2"}],"replies":[{"embeddable":true,"href":"https:\/\/dgospel.com.br\/portal\/index.php\/wp-json\/wp\/v2\/comments?post=13979"}],"version-history":[{"count":1,"href":"https:\/\/dgospel.com.br\/portal\/index.php\/wp-json\/wp\/v2\/posts\/13979\/revisions"}],"predecessor-version":[{"id":13981,"href":"https:\/\/dgospel.com.br\/portal\/index.php\/wp-json\/wp\/v2\/posts\/13979\/revisions\/13981"}],"wp:featuredmedia":[{"embeddable":true,"href":"https:\/\/dgospel.com.br\/portal\/index.php\/wp-json\/wp\/v2\/media\/13980"}],"wp:attachment":[{"href":"https:\/\/dgospel.com.br\/portal\/index.php\/wp-json\/wp\/v2\/media?parent=13979"}],"wp:term":[{"taxonomy":"category","embeddable":true,"href":"https:\/\/dgospel.com.br\/portal\/index.php\/wp-json\/wp\/v2\/categories?post=13979"},{"taxonomy":"post_tag","embeddable":true,"href":"https:\/\/dgospel.com.br\/portal\/index.php\/wp-json\/wp\/v2\/tags?post=13979"}],"curies":[{"name":"wp","href":"https:\/\/api.w.org\/{rel}","templated":true}]}}