{"id":13982,"date":"2022-12-21T09:41:08","date_gmt":"2022-12-21T12:41:08","guid":{"rendered":"http:\/\/dgospel.com.br\/portal\/?p=13982"},"modified":"2022-12-21T09:41:09","modified_gmt":"2022-12-21T12:41:09","slug":"dino-defende-prisao-para-quem-pede-s-o-s-forcas-armadas","status":"publish","type":"post","link":"https:\/\/dgospel.com.br\/portal\/index.php\/2022\/12\/21\/dino-defende-prisao-para-quem-pede-s-o-s-forcas-armadas\/","title":{"rendered":"Dino defende pris\u00e3o para quem pede \u201cS.O.S. For\u00e7as Armadas\u201d"},"content":{"rendered":"\n<p>Fl\u00e1vio Dino (PSB-MA), futuro ministro da Justi\u00e7a e Seguran\u00e7a P\u00fablica, afirmou que aqueles que pedem interven\u00e7\u00e3o das For\u00e7as Armadas est\u00e3o cometendo crime, e n\u00e3o s\u00f3 podem, como devem ser punidas com a pris\u00e3o. A fala ocorreu nesta segunda-feira (19) durante entrevista concedida ao programa&nbsp;<em>Roda Viva<\/em>, da TV Cultura.<\/p>\n\n\n\n<p>\u2013 Quando uma pessoa est\u00e1 cometendo um crime federal em flagrante, essa pessoa n\u00e3o s\u00f3 pode, como deve ser presa. Quem diz isso? O C\u00f3digo de Processo Penal. Ent\u00e3o, essa pessoa ir com um cartaz \u201cS.O.S. extraterrestres\u201d n\u00e3o \u00e9 crime, s\u00f3 \u00e9 engra\u00e7ado. A pessoa ir com um cartaz \u201cS.O.S. For\u00e7as Armadas\u201d \u00e9 crime \u2013 avaliou Dino, quando perguntado sobre as manifesta\u00e7\u00f5es de apoiadores do presidente Jair Bolsonaro (PL) diante de quart\u00e9is ao redor do Brasil.<\/p>\n\n\n\n<p>Ele prosseguiu indicando que o governo Lula buscar\u00e1 p\u00f4r as puni\u00e7\u00f5es em pr\u00e1tica.<\/p>\n\n\n\n<p>\u2013 N\u00f3s n\u00e3o estamos no governo ainda. O futuro ministro da Defesa, Jos\u00e9 M\u00facio, vai, com certeza, dialogar com as institui\u00e7\u00f5es, visando ao cumprimento da lei \u2013 assinalou.<\/p>\n\n\n\n<figure class=\"wp-block-embed is-type-video is-provider-youtube wp-block-embed-youtube wp-embed-aspect-16-9 wp-has-aspect-ratio\"><div class=\"wp-block-embed__wrapper\">\n<iframe loading=\"lazy\" title=\"Roda Viva | Fl\u00e1vio Dino | 19\/12\/2022\" width=\"630\" height=\"354\" src=\"https:\/\/www.youtube.com\/embed\/Z8XPIOxO6cQ?start=2558&#038;feature=oembed\" frameborder=\"0\" allow=\"accelerometer; autoplay; clipboard-write; encrypted-media; gyroscope; picture-in-picture\" allowfullscreen><\/iframe>\n<\/div><\/figure>\n","protected":false},"excerpt":{"rendered":"<p>Fl\u00e1vio Dino (PSB-MA), futuro ministro da Justi\u00e7a e Seguran\u00e7a P\u00fablica, afirmou que aqueles que pedem interven\u00e7\u00e3o das For\u00e7as Armadas est\u00e3o cometendo crime, e n\u00e3o s\u00f3 podem, como devem ser punidas com a pris\u00e3o. A fala ocorreu nesta segunda-feira (19) durante entrevista concedida ao programa&nbsp;Roda Viva, da TV Cultura. \u2013 Quando uma pessoa est\u00e1 cometendo um [&hellip;]<\/p>\n","protected":false},"author":2,"featured_media":13983,"comment_status":"open","ping_status":"open","sticky":false,"template":"","format":"standard","meta":[],"categories":[4],"tags":[],"_links":{"self":[{"href":"https:\/\/dgospel.com.br\/portal\/index.php\/wp-json\/wp\/v2\/posts\/13982"}],"collection":[{"href":"https:\/\/dgospel.com.br\/portal\/index.php\/wp-json\/wp\/v2\/posts"}],"about":[{"href":"https:\/\/dgospel.com.br\/portal\/index.php\/wp-json\/wp\/v2\/types\/post"}],"author":[{"embeddable":true,"href":"https:\/\/dgospel.com.br\/portal\/index.php\/wp-json\/wp\/v2\/users\/2"}],"replies":[{"embeddable":true,"href":"https:\/\/dgospel.com.br\/portal\/index.php\/wp-json\/wp\/v2\/comments?post=13982"}],"version-history":[{"count":1,"href":"https:\/\/dgospel.com.br\/portal\/index.php\/wp-json\/wp\/v2\/posts\/13982\/revisions"}],"predecessor-version":[{"id":13984,"href":"https:\/\/dgospel.com.br\/portal\/index.php\/wp-json\/wp\/v2\/posts\/13982\/revisions\/13984"}],"wp:featuredmedia":[{"embeddable":true,"href":"https:\/\/dgospel.com.br\/portal\/index.php\/wp-json\/wp\/v2\/media\/13983"}],"wp:attachment":[{"href":"https:\/\/dgospel.com.br\/portal\/index.php\/wp-json\/wp\/v2\/media?parent=13982"}],"wp:term":[{"taxonomy":"category","embeddable":true,"href":"https:\/\/dgospel.com.br\/portal\/index.php\/wp-json\/wp\/v2\/categories?post=13982"},{"taxonomy":"post_tag","embeddable":true,"href":"https:\/\/dgospel.com.br\/portal\/index.php\/wp-json\/wp\/v2\/tags?post=13982"}],"curies":[{"name":"wp","href":"https:\/\/api.w.org\/{rel}","templated":true}]}}