{"id":13991,"date":"2022-12-21T09:59:58","date_gmt":"2022-12-21T12:59:58","guid":{"rendered":"http:\/\/dgospel.com.br\/portal\/?p=13991"},"modified":"2022-12-21T09:59:59","modified_gmt":"2022-12-21T12:59:59","slug":"evangelico-nikolas-agradece-a-deus-por-diplomacao-e-diz-que-estara-na-trincheira","status":"publish","type":"post","link":"https:\/\/dgospel.com.br\/portal\/index.php\/2022\/12\/21\/evangelico-nikolas-agradece-a-deus-por-diplomacao-e-diz-que-estara-na-trincheira\/","title":{"rendered":"Evang\u00e9lico, Nikolas agradece a Deus por diploma\u00e7\u00e3o e diz que estar\u00e1 \u201cna trincheira\u201d"},"content":{"rendered":"\n<p>Segunda-feira, dia 19 de dezembro, foi o \u00faltimo dia estabelecido pelo Tribunal Superior Eleitoral (TSE) para a diploma\u00e7\u00e3o dos candidatos a cargos pol\u00edticos eleitos este ano. Um deles \u00e9 o evang\u00e9lico Nikolas Ferreira, o deputado federal mais votado do Brasil e da hist\u00f3ria de Minas Gerais.<\/p>\n\n\n\n<p>Nikolas, que recentemente recuperou algumas das suas redes sociais ap\u00f3s ter sido censurado por determina\u00e7\u00e3o judicial, utilizou as m\u00eddias para compartilhar alguns registros da sua diploma\u00e7\u00e3o, agradecendo a Deus pela grande conquista.<\/p>\n\n\n\n<p>\u201cEsse diploma \u00e9 nosso. Obrigado Deus, fam\u00edlia e eleitores. Estarei nas trincheiras por voc\u00eas\u201d, postou o deputado federal eleito. Ao falar em sua chegada na cerim\u00f4nia de diploma\u00e7\u00e3o, Nikolas n\u00e3o deixou de criticar ministros do Supremo Tribunal Federal (STF), mas sem citar nomes.<\/p>\n\n\n\n<p>\u201cVivemos em uma \u00e9poca em que um Poder apenas toma todas as decis\u00f5es\u201d, disparou o parlamentar, frisando que, apesar da vit\u00f3ria por sua elei\u00e7\u00e3o esmagadora em Minas Gerais, n\u00e3o h\u00e1 \u201co que comemorar\u201d, segundo informa\u00e7\u00f5es do jornal O Tempo.<\/p>\n\n\n\n<p>\u201c\u00c9 claro que venho nesse evento com um sinal de gratid\u00e3o. Gratid\u00e3o pelos votos, a Deus, a minha fam\u00edlia. Mas n\u00e3o temos o que comemorar. Vivemos em uma \u00e9poca em que um Poder apenas toma todas as decis\u00f5es, eu fico at\u00e9 receoso com o que posso falar aqui, por exemplo\u201d, lamentou Nikolas.<\/p>\n\n\n\n<p>\u201cVeja bem, eu, deputado mais votado do pa\u00eds, vivo com uma \u2018tornozeleira eletr\u00f4nica virtual\u2019 e preciso ter cuidado com aquilo que eu falo, sen\u00e3o tenho meu direito de fala cassado\u201d,&nbsp;<a href=\"https:\/\/www.otempo.com.br\/politica\/nikolas-ferreira-diz-que-nao-ha-o-que-comemorar-em-cerimonia-de-diplomacao-1.2785136\">acrescentou<\/a>&nbsp;o deputado eleito, garantindo que agora estar\u00e1 \u201cnas trincheiras\u201d do Congresso.<\/p>\n\n\n\n<h2>Repetindo Oseias 4:6 9<\/h2>\n\n\n\n<p>Nikolas Ferreira se tornou uma das principais vozes evang\u00e9licas na pol\u00edtica brasileira. Eleito com quase 1 milh\u00e3o e meio de votos, precisamente 1.492.047, o jovem parlamentar que \u00e9 filho do pastor Ed\u00e9sio de Oliveira ganhou notoriedade ao fazer cr\u00edticas contundentes \u00e0s ideologias de esquerda.<\/p>\n\n\n\n<p>Em&nbsp;<a href=\"https:\/\/noticias.gospelmais.com.br\/nikolas-ferreira-panico-estamos-oseias-4-157868.html\">uma fala recente<\/a>, por exemplo, ap\u00f3s a sua elei\u00e7\u00e3o no primeiro turno das elei\u00e7\u00f5es 2022, o deputado federal eleito disse que muitos no pa\u00eds est\u00e3o reproduzindo a li\u00e7\u00e3o de Oseias 4:6 \u2013 \u201cO meu povo perece por falta de conhecimento\u201d.<\/p>\n\n\n\n<p>\u201cTem crente votando no capeta, tem crente votando no Lula\u201d, disse ele, na ocasi\u00e3o j\u00e1 prevendo o que se transformaria, de fato, na vit\u00f3ria do candidato do Partido dos Trabalhadores (PT).<\/p>\n\n\n\n<p>\u201cPorque, pra mim, n\u00e3o tem condi\u00e7\u00e3o. Uma pessoa ler a B\u00edblia e falar \u2018ah, n\u00e3o, vou ter isso aqui como regra de f\u00e9 e, entre os dois aqui, um fala palavr\u00e3o e o outro vota em aborto, vou votar no cara do aborto\u2019. N\u00e3o tem condi\u00e7\u00e3o\u201d, concluiu. <\/p>\n\n\n\n<p><\/p>\n\n\n\n<p><\/p>\n\n\n\n<figure class=\"wp-block-image size-full\"><img loading=\"lazy\" width=\"634\" height=\"475\" src=\"http:\/\/dgospel.com.br\/portal\/wp-content\/uploads\/2022\/12\/00000000000000000000000000000000.jpg\" alt=\"\" class=\"wp-image-13992\" srcset=\"https:\/\/dgospel.com.br\/portal\/wp-content\/uploads\/2022\/12\/00000000000000000000000000000000.jpg 634w, https:\/\/dgospel.com.br\/portal\/wp-content\/uploads\/2022\/12\/00000000000000000000000000000000-300x225.jpg 300w\" sizes=\"(max-width: 634px) 100vw, 634px\" \/><\/figure>\n","protected":false},"excerpt":{"rendered":"<p>Segunda-feira, dia 19 de dezembro, foi o \u00faltimo dia estabelecido pelo Tribunal Superior Eleitoral (TSE) para a diploma\u00e7\u00e3o dos candidatos a cargos pol\u00edticos eleitos este ano. Um deles \u00e9 o evang\u00e9lico Nikolas Ferreira, o deputado federal mais votado do Brasil e da hist\u00f3ria de Minas Gerais. Nikolas, que recentemente recuperou algumas das suas redes sociais [&hellip;]<\/p>\n","protected":false},"author":2,"featured_media":13993,"comment_status":"open","ping_status":"open","sticky":false,"template":"","format":"standard","meta":[],"categories":[4],"tags":[],"_links":{"self":[{"href":"https:\/\/dgospel.com.br\/portal\/index.php\/wp-json\/wp\/v2\/posts\/13991"}],"collection":[{"href":"https:\/\/dgospel.com.br\/portal\/index.php\/wp-json\/wp\/v2\/posts"}],"about":[{"href":"https:\/\/dgospel.com.br\/portal\/index.php\/wp-json\/wp\/v2\/types\/post"}],"author":[{"embeddable":true,"href":"https:\/\/dgospel.com.br\/portal\/index.php\/wp-json\/wp\/v2\/users\/2"}],"replies":[{"embeddable":true,"href":"https:\/\/dgospel.com.br\/portal\/index.php\/wp-json\/wp\/v2\/comments?post=13991"}],"version-history":[{"count":1,"href":"https:\/\/dgospel.com.br\/portal\/index.php\/wp-json\/wp\/v2\/posts\/13991\/revisions"}],"predecessor-version":[{"id":13994,"href":"https:\/\/dgospel.com.br\/portal\/index.php\/wp-json\/wp\/v2\/posts\/13991\/revisions\/13994"}],"wp:featuredmedia":[{"embeddable":true,"href":"https:\/\/dgospel.com.br\/portal\/index.php\/wp-json\/wp\/v2\/media\/13993"}],"wp:attachment":[{"href":"https:\/\/dgospel.com.br\/portal\/index.php\/wp-json\/wp\/v2\/media?parent=13991"}],"wp:term":[{"taxonomy":"category","embeddable":true,"href":"https:\/\/dgospel.com.br\/portal\/index.php\/wp-json\/wp\/v2\/categories?post=13991"},{"taxonomy":"post_tag","embeddable":true,"href":"https:\/\/dgospel.com.br\/portal\/index.php\/wp-json\/wp\/v2\/tags?post=13991"}],"curies":[{"name":"wp","href":"https:\/\/api.w.org\/{rel}","templated":true}]}}