{"id":13995,"date":"2022-12-21T10:06:33","date_gmt":"2022-12-21T13:06:33","guid":{"rendered":"http:\/\/dgospel.com.br\/portal\/?p=13995"},"modified":"2022-12-21T10:06:35","modified_gmt":"2022-12-21T13:06:35","slug":"publico-grita-lula-ladrao-durante-diplomacao-de-politicos-eleitos","status":"publish","type":"post","link":"https:\/\/dgospel.com.br\/portal\/index.php\/2022\/12\/21\/publico-grita-lula-ladrao-durante-diplomacao-de-politicos-eleitos\/","title":{"rendered":"P\u00fablico grita \u2018Lula, ladr\u00e3o\u2019 durante diploma\u00e7\u00e3o de pol\u00edticos eleitos"},"content":{"rendered":"\n<p>Durante a cerim\u00f4nia de diploma\u00e7\u00e3o de governadores, senadores e deputados eleitos, o p\u00fablico presente vaiou o futuro presidente, Luiz In\u00e1cio Lula da Silva (PT). A cena foi registrada na segunda-feira 19, no Tribunal Regional Eleitoral do Distrito Federal (<strong><a rel=\"noreferrer noopener\" href=\"https:\/\/www.tre-df.jus.br\/\" target=\"_blank\">TRE-DF<\/a><\/strong>). Em v\u00eddeo divulgado nas redes sociais, \u00e9 poss\u00edvel ver os cidad\u00e3os entoando os gritos \u201cLula, ladr\u00e3o, seu lugar \u00e9 na pris\u00e3o\u201d.<\/p>\n\n\n\n<p>O presidente do Senado, Rodrigo Pacheco (PSD-MG), convocou os deputados e os senadores para a sess\u00e3o solene de posse de Lula e do vice-presidente eleito, Geraldo Alckmin (PSB), em 1\u00ba de janeiro.<\/p>\n\n\n\n<p>No&nbsp;<strong><a href=\"https:\/\/www.in.gov.br\/en\/web\/dou\/-\/ato-convocatorio-451601235\" target=\"_blank\" rel=\"noreferrer noopener\">ato convocat\u00f3rio<\/a><\/strong>, publicado no&nbsp;<em>Di\u00e1rio Oficial&nbsp;<\/em>da Uni\u00e3o, Pacheco informa que o ritual da posse nos novos cargos \u2014 juramento e assinatura do termo de posse \u2014 ser\u00e1 \u00e0s 15 horas, no plen\u00e1rio da C\u00e2mara dos Deputados.<\/p>\n\n\n\n<p>No artigo 78, a Constitui\u00e7\u00e3o Federal estabelece que o presidente e o vice-presidente da Rep\u00fablica \u201ctomar\u00e3o posse em sess\u00e3o do Congresso Nacional, prestando o compromisso de manter, defender e cumprir a Constitui\u00e7\u00e3o, observar as leis, promover o bem geral do povo brasileiro, sustentar a uni\u00e3o, a integridade e a independ\u00eancia do Brasil\u201d.<\/p>\n\n\n\n<p><\/p>\n\n\n\n<figure class=\"wp-block-video\"><video controls src=\"http:\/\/dgospel.com.br\/portal\/wp-content\/uploads\/2022\/12\/Lula-ladrao.mp4\"><\/video><\/figure>\n","protected":false},"excerpt":{"rendered":"<p>Durante a cerim\u00f4nia de diploma\u00e7\u00e3o de governadores, senadores e deputados eleitos, o p\u00fablico presente vaiou o futuro presidente, Luiz In\u00e1cio Lula da Silva (PT). A cena foi registrada na segunda-feira 19, no Tribunal Regional Eleitoral do Distrito Federal (TRE-DF). Em v\u00eddeo divulgado nas redes sociais, \u00e9 poss\u00edvel ver os cidad\u00e3os entoando os gritos \u201cLula, ladr\u00e3o, [&hellip;]<\/p>\n","protected":false},"author":2,"featured_media":13997,"comment_status":"open","ping_status":"open","sticky":false,"template":"","format":"standard","meta":[],"categories":[4],"tags":[],"_links":{"self":[{"href":"https:\/\/dgospel.com.br\/portal\/index.php\/wp-json\/wp\/v2\/posts\/13995"}],"collection":[{"href":"https:\/\/dgospel.com.br\/portal\/index.php\/wp-json\/wp\/v2\/posts"}],"about":[{"href":"https:\/\/dgospel.com.br\/portal\/index.php\/wp-json\/wp\/v2\/types\/post"}],"author":[{"embeddable":true,"href":"https:\/\/dgospel.com.br\/portal\/index.php\/wp-json\/wp\/v2\/users\/2"}],"replies":[{"embeddable":true,"href":"https:\/\/dgospel.com.br\/portal\/index.php\/wp-json\/wp\/v2\/comments?post=13995"}],"version-history":[{"count":1,"href":"https:\/\/dgospel.com.br\/portal\/index.php\/wp-json\/wp\/v2\/posts\/13995\/revisions"}],"predecessor-version":[{"id":13998,"href":"https:\/\/dgospel.com.br\/portal\/index.php\/wp-json\/wp\/v2\/posts\/13995\/revisions\/13998"}],"wp:featuredmedia":[{"embeddable":true,"href":"https:\/\/dgospel.com.br\/portal\/index.php\/wp-json\/wp\/v2\/media\/13997"}],"wp:attachment":[{"href":"https:\/\/dgospel.com.br\/portal\/index.php\/wp-json\/wp\/v2\/media?parent=13995"}],"wp:term":[{"taxonomy":"category","embeddable":true,"href":"https:\/\/dgospel.com.br\/portal\/index.php\/wp-json\/wp\/v2\/categories?post=13995"},{"taxonomy":"post_tag","embeddable":true,"href":"https:\/\/dgospel.com.br\/portal\/index.php\/wp-json\/wp\/v2\/tags?post=13995"}],"curies":[{"name":"wp","href":"https:\/\/api.w.org\/{rel}","templated":true}]}}