{"id":14002,"date":"2022-12-21T10:47:09","date_gmt":"2022-12-21T13:47:09","guid":{"rendered":"http:\/\/dgospel.com.br\/portal\/?p=14002"},"modified":"2022-12-21T10:47:10","modified_gmt":"2022-12-21T13:47:10","slug":"governador-wanderlei-barbosa-decreta-ponto-facultativo-nas-sextas-feiras-antes-do-natal-e-ano-novo","status":"publish","type":"post","link":"https:\/\/dgospel.com.br\/portal\/index.php\/2022\/12\/21\/governador-wanderlei-barbosa-decreta-ponto-facultativo-nas-sextas-feiras-antes-do-natal-e-ano-novo\/","title":{"rendered":"Governador Wanderlei Barbosa decreta ponto facultativo nas sextas-feiras antes do Natal e Ano Novo"},"content":{"rendered":"\n<p>Os pr\u00f3ximos dias 23 e 30, duas sextas-feiras antev\u00e9spera de Natal e Ano Novo, ser\u00e3o ponto facultativo para o servi\u00e7o p\u00fablico estadual do Tocantins. O Decreto assinado pelo governador do Tocantins, Wanderlei Barbosa, ser\u00e1 publicado no Di\u00e1rio Oficial do Estado (DOE), desta ter\u00e7a-feira, 20.&nbsp;<\/p>\n\n\n\n<p>O Chefe do Executivo estadual ressalta que essas datas s\u00e3o muito pr\u00f3ximas de duas grandes celebra\u00e7\u00f5es, o Natal e o Ano Novo, e, portanto, devem ser planejadas pelos servidores.&nbsp;<\/p>\n\n\n\n<p>\u201cQue cada servidor aproveite esse per\u00edodo com sua fam\u00edlia e amigos, pois s\u00e3o datas muito importantes. Tamb\u00e9m para que descansem e renovem suas energias para o novo ano que se aproxima, dando continuidade \u00e0 presta\u00e7\u00e3o de um servi\u00e7o de excel\u00eancia para o cidad\u00e3o tocantinense\u201d, afirma o governador Wanderlei Barbosa.<\/p>\n\n\n\n<p>O ponto facultativo n\u00e3o se aplica aos servi\u00e7os essenciais como sa\u00fade e seguran\u00e7a que j\u00e1 atuam em car\u00e1ter de plant\u00e3o. O expediente nas reparti\u00e7\u00f5es p\u00fablicas volta \u00e0 normalidade nas segundas-feiras, 26 de dezembro e 2 de janeiro, a partir das 8 horas.<\/p>\n","protected":false},"excerpt":{"rendered":"<p>Os pr\u00f3ximos dias 23 e 30, duas sextas-feiras antev\u00e9spera de Natal e Ano Novo, ser\u00e3o ponto facultativo para o servi\u00e7o p\u00fablico estadual do Tocantins. O Decreto assinado pelo governador do Tocantins, Wanderlei Barbosa, ser\u00e1 publicado no Di\u00e1rio Oficial do Estado (DOE), desta ter\u00e7a-feira, 20.&nbsp; O Chefe do Executivo estadual ressalta que essas datas s\u00e3o muito [&hellip;]<\/p>\n","protected":false},"author":2,"featured_media":14003,"comment_status":"open","ping_status":"open","sticky":false,"template":"","format":"standard","meta":[],"categories":[3],"tags":[13],"_links":{"self":[{"href":"https:\/\/dgospel.com.br\/portal\/index.php\/wp-json\/wp\/v2\/posts\/14002"}],"collection":[{"href":"https:\/\/dgospel.com.br\/portal\/index.php\/wp-json\/wp\/v2\/posts"}],"about":[{"href":"https:\/\/dgospel.com.br\/portal\/index.php\/wp-json\/wp\/v2\/types\/post"}],"author":[{"embeddable":true,"href":"https:\/\/dgospel.com.br\/portal\/index.php\/wp-json\/wp\/v2\/users\/2"}],"replies":[{"embeddable":true,"href":"https:\/\/dgospel.com.br\/portal\/index.php\/wp-json\/wp\/v2\/comments?post=14002"}],"version-history":[{"count":1,"href":"https:\/\/dgospel.com.br\/portal\/index.php\/wp-json\/wp\/v2\/posts\/14002\/revisions"}],"predecessor-version":[{"id":14004,"href":"https:\/\/dgospel.com.br\/portal\/index.php\/wp-json\/wp\/v2\/posts\/14002\/revisions\/14004"}],"wp:featuredmedia":[{"embeddable":true,"href":"https:\/\/dgospel.com.br\/portal\/index.php\/wp-json\/wp\/v2\/media\/14003"}],"wp:attachment":[{"href":"https:\/\/dgospel.com.br\/portal\/index.php\/wp-json\/wp\/v2\/media?parent=14002"}],"wp:term":[{"taxonomy":"category","embeddable":true,"href":"https:\/\/dgospel.com.br\/portal\/index.php\/wp-json\/wp\/v2\/categories?post=14002"},{"taxonomy":"post_tag","embeddable":true,"href":"https:\/\/dgospel.com.br\/portal\/index.php\/wp-json\/wp\/v2\/tags?post=14002"}],"curies":[{"name":"wp","href":"https:\/\/api.w.org\/{rel}","templated":true}]}}