{"id":14008,"date":"2022-12-21T10:53:37","date_gmt":"2022-12-21T13:53:37","guid":{"rendered":"http:\/\/dgospel.com.br\/portal\/?p=14008"},"modified":"2022-12-21T10:53:38","modified_gmt":"2022-12-21T13:53:38","slug":"governo-do-tocantins-implementa-acoes-para-iniciar-a-comercializacao-de-carbono-florestal-jurisdicional","status":"publish","type":"post","link":"https:\/\/dgospel.com.br\/portal\/index.php\/2022\/12\/21\/governo-do-tocantins-implementa-acoes-para-iniciar-a-comercializacao-de-carbono-florestal-jurisdicional\/","title":{"rendered":"Governo do Tocantins implementa a\u00e7\u00f5es para iniciar a comercializa\u00e7\u00e3o de carbono florestal jurisdicional"},"content":{"rendered":"\n<p>Para avan\u00e7ar com a comercializa\u00e7\u00e3o de cr\u00e9ditos de carbono jurisdicional florestal no mercado volunt\u00e1rio, o Comit\u00ea de Governan\u00e7a da Tocantins Carbono, SPE (Sociedade de Prop\u00f3sito Espec\u00edfico) que foi constitu\u00edda entre a Companhia Imobili\u00e1ria de Participa\u00e7\u00f5es, Investimentos e Parcerias (Tocantins Parcerias) e a Mercuria, realizou nessa ter\u00e7a-feira, 20, a primeira reuni\u00e3o do grupo. A SPE foi criada com o objetivo de aportar recursos financeiros para a implementa\u00e7\u00e3o e execu\u00e7\u00e3o de medidas de baixas emiss\u00f5es com vistas a estruturar o Estado a se tornar eleg\u00edvel para atua\u00e7\u00e3o no mercado de carbono.<\/p>\n\n\n\n<p>O Comit\u00ea de Governan\u00e7a foi designado seguindo preceitos da legisla\u00e7\u00e3o de cria\u00e7\u00e3o da SPE, e formado por representantes do Governo do Tocantins, explica o presidente da Tocantins Parcerias, Aleandro Lacerda. \u201cO Comit\u00ea \u00e9 formado por representantes de pastas estrat\u00e9gicas com objetivo de oferecer transpar\u00eancia, fiscalizar, acompanhar as a\u00e7\u00f5es desenvolvidas pela Secretaria do Meio Ambiente, al\u00e9m de viabilizar as quest\u00f5es desenvolvidas em busca da legibilidade do cr\u00e9dito de carbono, ou seja, o registro jurisdicional do cr\u00e9dito de carbono. Desde 2020 estamos debatendo internamente medidas para desenvolver a\u00e7\u00f5es para transacionar os cr\u00e9ditos de carbono\u201d, contou.&nbsp; &nbsp;<\/p>\n\n\n\n<p>As a\u00e7\u00f5es ser\u00e3o implementadas pelo Governo do Tocantins, por meio da Secretaria de Meio Ambiente e Recursos H\u00eddricos (Semarh), para que assim ocorra a transa\u00e7\u00e3o de carbono florestal jurisdicional oriundo de Redu\u00e7\u00e3o de Emiss\u00f5es Provenientes de Desmatamento e Degrada\u00e7\u00e3o Florestal (REDD+), explicou a superintendente de Gest\u00e3o e Pol\u00edticas P\u00fablicas Ambientais da pasta, Marli Teresinha dos Santos. O texto&nbsp; foi publicado no edital de chamamento p\u00fablico n\u00famero 001\/2022 para a cria\u00e7\u00e3o SPE, no Di\u00e1rio Oficial do Estado (DOE).&nbsp;<\/p>\n\n\n\n<p>\u201cPara reduzir o desmatamento e a degrada\u00e7\u00e3o florestal, onde est\u00e1 armazenada o carbono, foram planejadas a\u00e7\u00f5es que envolvem suporte para combate \u00e0 inc\u00eandios, como aluguel de aeronaves para o corpo de bombeiros; monitoramento com imagens via sat\u00e9lite das \u00e1reas desmatadas, al\u00e9m de a\u00e7\u00f5es ligadas ao comando e controlo, com fiscaliza\u00e7\u00e3o do Naturatins, em busca de reduzir o desmatamento. Todo esse esfor\u00e7o tem o objetivo da constru\u00e7\u00e3o das salvaguardas, exig\u00eancias da ONU [Organiza\u00e7\u00e3o das Na\u00e7\u00f5es Unidas], para que o Estado se torne eleg\u00edvel perante o padr\u00e3o internacional para a comercializa\u00e7\u00e3o do cr\u00e9dito de carbono\u201d, explicou a superintendente.&nbsp;<\/p>\n\n\n\n<p><strong>Comit\u00ea de Governan\u00e7a<\/strong><\/p>\n\n\n\n<p>O Comit\u00ea de Governan\u00e7a \u00e9 composto por representantes da Tocantins Parcerias, Secretaria de Meio Ambiente e Recursos H\u00eddricos (Semarh), Secretaria de Parcerias e Investimentos (SPI), Secretaria do Planejamento e Or\u00e7amento, Secretaria da Fazenda e um representante da Mercuria.&nbsp;<\/p>\n\n\n\n<p>Tamb\u00e9m participaram da reuni\u00e3o secret\u00e1rio-Chefe da Casa Civil, Deocleciano Gomes e t\u00e9cnicos das pastas componentes do grupo.<\/p>\n","protected":false},"excerpt":{"rendered":"<p>Para avan\u00e7ar com a comercializa\u00e7\u00e3o de cr\u00e9ditos de carbono jurisdicional florestal no mercado volunt\u00e1rio, o Comit\u00ea de Governan\u00e7a da Tocantins Carbono, SPE (Sociedade de Prop\u00f3sito Espec\u00edfico) que foi constitu\u00edda entre a Companhia Imobili\u00e1ria de Participa\u00e7\u00f5es, Investimentos e Parcerias (Tocantins Parcerias) e a Mercuria, realizou nessa ter\u00e7a-feira, 20, a primeira reuni\u00e3o do grupo. A SPE foi [&hellip;]<\/p>\n","protected":false},"author":2,"featured_media":14009,"comment_status":"open","ping_status":"open","sticky":false,"template":"","format":"standard","meta":[],"categories":[3],"tags":[13],"_links":{"self":[{"href":"https:\/\/dgospel.com.br\/portal\/index.php\/wp-json\/wp\/v2\/posts\/14008"}],"collection":[{"href":"https:\/\/dgospel.com.br\/portal\/index.php\/wp-json\/wp\/v2\/posts"}],"about":[{"href":"https:\/\/dgospel.com.br\/portal\/index.php\/wp-json\/wp\/v2\/types\/post"}],"author":[{"embeddable":true,"href":"https:\/\/dgospel.com.br\/portal\/index.php\/wp-json\/wp\/v2\/users\/2"}],"replies":[{"embeddable":true,"href":"https:\/\/dgospel.com.br\/portal\/index.php\/wp-json\/wp\/v2\/comments?post=14008"}],"version-history":[{"count":1,"href":"https:\/\/dgospel.com.br\/portal\/index.php\/wp-json\/wp\/v2\/posts\/14008\/revisions"}],"predecessor-version":[{"id":14010,"href":"https:\/\/dgospel.com.br\/portal\/index.php\/wp-json\/wp\/v2\/posts\/14008\/revisions\/14010"}],"wp:featuredmedia":[{"embeddable":true,"href":"https:\/\/dgospel.com.br\/portal\/index.php\/wp-json\/wp\/v2\/media\/14009"}],"wp:attachment":[{"href":"https:\/\/dgospel.com.br\/portal\/index.php\/wp-json\/wp\/v2\/media?parent=14008"}],"wp:term":[{"taxonomy":"category","embeddable":true,"href":"https:\/\/dgospel.com.br\/portal\/index.php\/wp-json\/wp\/v2\/categories?post=14008"},{"taxonomy":"post_tag","embeddable":true,"href":"https:\/\/dgospel.com.br\/portal\/index.php\/wp-json\/wp\/v2\/tags?post=14008"}],"curies":[{"name":"wp","href":"https:\/\/api.w.org\/{rel}","templated":true}]}}