{"id":14017,"date":"2022-12-21T11:31:03","date_gmt":"2022-12-21T14:31:03","guid":{"rendered":"http:\/\/dgospel.com.br\/portal\/?p=14017"},"modified":"2022-12-21T11:31:04","modified_gmt":"2022-12-21T14:31:04","slug":"ministros-abrem-mao-do-recesso-para-nao-transferir-poderes","status":"publish","type":"post","link":"https:\/\/dgospel.com.br\/portal\/index.php\/2022\/12\/21\/ministros-abrem-mao-do-recesso-para-nao-transferir-poderes\/","title":{"rendered":"Ministros abrem m\u00e3o do recesso para n\u00e3o transferir poderes"},"content":{"rendered":"\n<p>Os ministros do Supremo Tribunal Federal (STF) Alexandre de Moraes, Gilmar Mendes e Ricardo Lewandowski optaram por n\u00e3o aproveitar o recesso, que dura at\u00e9 fevereiro. Eles j\u00e1 emitiram comunicado \u00e0 ministra Rosa Weber, presidente da Corte.<\/p>\n\n\n\n<p>Weber tamb\u00e9m seguir\u00e1 \u00e0 frente dos trabalhos at\u00e9 o fim de janeiro, quando ser\u00e1 substitu\u00edda por Lu\u00eds Roberto Barroso, vice-presidente do tribunal. Ambos far\u00e3o plant\u00f5es para despachar demandas urgentes.<\/p>\n\n\n\n<p>A op\u00e7\u00e3o de se abster do recesso garante ao ministro que seus processos n\u00e3o sejam submetidos \u00e0s decis\u00f5es de quem estiver presidindo o tribunal no momento, segurando as a\u00e7\u00f5es com ele.<\/p>\n\n\n\n<p>J\u00e1 dentro deste per\u00edodo de recesso, Gilmar Mendes suspendeu o porte de armas da deputada federal Carla Zambelli (PL-SP). Ele determinou 48 horas para que a parlamentar entregue sua pistola calibre 9 mm \u00e0 Pol\u00edcia Federal.<\/p>\n\n\n\n<p>No recesso do ano passado, Alexandre de Moraes, Gilmar Mendes, Ricardo Lewandowski e Carm\u00e9m L\u00facia abriram m\u00e3o do descanso e se mantiveram despachando na Suprema Corte. Em julho deste ano, o ministro indicado pelo presidente Jair Bolsonaro (PL), Andr\u00e9 Mendon\u00e7a, tamb\u00e9m optou por n\u00e3o tirar a semana de folga.<\/p>\n","protected":false},"excerpt":{"rendered":"<p>Os ministros do Supremo Tribunal Federal (STF) Alexandre de Moraes, Gilmar Mendes e Ricardo Lewandowski optaram por n\u00e3o aproveitar o recesso, que dura at\u00e9 fevereiro. Eles j\u00e1 emitiram comunicado \u00e0 ministra Rosa Weber, presidente da Corte. Weber tamb\u00e9m seguir\u00e1 \u00e0 frente dos trabalhos at\u00e9 o fim de janeiro, quando ser\u00e1 substitu\u00edda por Lu\u00eds Roberto Barroso, [&hellip;]<\/p>\n","protected":false},"author":2,"featured_media":14018,"comment_status":"open","ping_status":"open","sticky":false,"template":"","format":"standard","meta":[],"categories":[10],"tags":[],"_links":{"self":[{"href":"https:\/\/dgospel.com.br\/portal\/index.php\/wp-json\/wp\/v2\/posts\/14017"}],"collection":[{"href":"https:\/\/dgospel.com.br\/portal\/index.php\/wp-json\/wp\/v2\/posts"}],"about":[{"href":"https:\/\/dgospel.com.br\/portal\/index.php\/wp-json\/wp\/v2\/types\/post"}],"author":[{"embeddable":true,"href":"https:\/\/dgospel.com.br\/portal\/index.php\/wp-json\/wp\/v2\/users\/2"}],"replies":[{"embeddable":true,"href":"https:\/\/dgospel.com.br\/portal\/index.php\/wp-json\/wp\/v2\/comments?post=14017"}],"version-history":[{"count":1,"href":"https:\/\/dgospel.com.br\/portal\/index.php\/wp-json\/wp\/v2\/posts\/14017\/revisions"}],"predecessor-version":[{"id":14019,"href":"https:\/\/dgospel.com.br\/portal\/index.php\/wp-json\/wp\/v2\/posts\/14017\/revisions\/14019"}],"wp:featuredmedia":[{"embeddable":true,"href":"https:\/\/dgospel.com.br\/portal\/index.php\/wp-json\/wp\/v2\/media\/14018"}],"wp:attachment":[{"href":"https:\/\/dgospel.com.br\/portal\/index.php\/wp-json\/wp\/v2\/media?parent=14017"}],"wp:term":[{"taxonomy":"category","embeddable":true,"href":"https:\/\/dgospel.com.br\/portal\/index.php\/wp-json\/wp\/v2\/categories?post=14017"},{"taxonomy":"post_tag","embeddable":true,"href":"https:\/\/dgospel.com.br\/portal\/index.php\/wp-json\/wp\/v2\/tags?post=14017"}],"curies":[{"name":"wp","href":"https:\/\/api.w.org\/{rel}","templated":true}]}}