{"id":1402,"date":"2018-09-21T14:10:34","date_gmt":"2018-09-21T17:10:34","guid":{"rendered":"http:\/\/dgospel.com.br\/portal\/?p=1402"},"modified":"2018-09-21T14:10:34","modified_gmt":"2018-09-21T17:10:34","slug":"cesar-halum-registra-carta-compromisso-em-cartorio-e-a-entregara-a-populacao-tocantinense","status":"publish","type":"post","link":"https:\/\/dgospel.com.br\/portal\/index.php\/2018\/09\/21\/cesar-halum-registra-carta-compromisso-em-cartorio-e-a-entregara-a-populacao-tocantinense\/","title":{"rendered":"C\u00e9sar Halum registra Carta Compromisso em cart\u00f3rio e a entregar\u00e1 \u00e0 popula\u00e7\u00e3o tocantinense"},"content":{"rendered":"<p>Como s\u00edmbolo de compromisso com o Tocantins, o candidato a senador C\u00e9sar Halum (PRB), pela coliga\u00e7\u00e3o \u201cGoverno de Atitude\u201d registrou em cart\u00f3rio uma carta elencando algumas \u00e1reas que atuar\u00e1 no Senado Federal. A partir desta sexta-feira, 21, o documento, intitulado \u201cN\u00e3o Fa\u00e7o Propaganda, Fa\u00e7o Compromisso\u201d ser\u00e1 entregue \u00e0 popula\u00e7\u00e3o. Em 2010, quando disputou \u00e0 reelei\u00e7\u00e3o para C\u00e2mara Federal, ele tamb\u00e9m fez uma carta compromisso e cumpriu todas as propostas.<\/p>\n<p>&nbsp;<\/p>\n<p>O documento atual, tamb\u00e9m firma a luta e o comprometimento do candidato com o desenvolvimento econ\u00f4mico e social do Tocantins.<\/p>\n<p>&nbsp;<\/p>\n<p>Dentre os compromissos est\u00e1 a luta pela auditoria da d\u00edvida p\u00fablica, destinar 20% do total de emendas individuais para a seguran\u00e7a p\u00fablica, lutar pela regulariza\u00e7\u00e3o fundi\u00e1ria urbana e rural, implantar o projeto de corre\u00e7\u00e3o do solo com a distribui\u00e7\u00e3o de calc\u00e1rio para pequenos produtores, dispor de 50% das emendas impositivas para investimento na sa\u00fade p\u00fablica do Tocantins para a manuten\u00e7\u00e3o, custeio, compra de medicamentos e realiza\u00e7\u00e3o de cirurgias efetivas. Al\u00e9m disso, disponibilizar 15% das emendas para medidas de combate \u00e0 seca e falta de \u00e1gua no Sudeste do Tocantins dentre outras.<\/p>\n<p>&nbsp;<\/p>\n<p>\u201cNo Senado Federal, n\u00e3o serei apenas mais um. Minha atua\u00e7\u00e3o na pol\u00edtica tocantinense preparou-me para ser Senador. Debaterei todos os temas nacionais como pacto federativo, reparti\u00e7\u00e3o dos impostos entre Uni\u00e3o, Estado e munic\u00edpios, reforma tribut\u00e1ria, mais recursos para esporte, combate \u00e0s drogas e outros\u201d, afirmou Halum.<\/p>\n<p>&nbsp;<\/p>\n<p>A carta foi registrada sob o n\u00famero 126466AAB796342URI9 no 2\u00b0 Cart\u00f3rio de Palmas, no \u00faltimo dia 17 de setembro, e est\u00e1 dispon\u00edvel aos tocantinenses para acompanhar e cobrar o trabalho de C\u00e9sar Halum no Senado Federal.<\/p>\n<p>&nbsp;<\/p>\n<p>&nbsp;<\/p>\n","protected":false},"excerpt":{"rendered":"<p>Como s\u00edmbolo de compromisso com o Tocantins, o candidato a senador C\u00e9sar Halum (PRB), pela coliga\u00e7\u00e3o \u201cGoverno de Atitude\u201d registrou em cart\u00f3rio uma carta elencando algumas \u00e1reas que atuar\u00e1 no Senado Federal. A partir desta sexta-feira, 21, o documento, intitulado \u201cN\u00e3o Fa\u00e7o Propaganda, Fa\u00e7o Compromisso\u201d ser\u00e1 entregue \u00e0 popula\u00e7\u00e3o. Em 2010, quando disputou \u00e0 reelei\u00e7\u00e3o [&hellip;]<\/p>\n","protected":false},"author":2,"featured_media":1403,"comment_status":"open","ping_status":"open","sticky":false,"template":"","format":"standard","meta":[],"categories":[2,4],"tags":[],"_links":{"self":[{"href":"https:\/\/dgospel.com.br\/portal\/index.php\/wp-json\/wp\/v2\/posts\/1402"}],"collection":[{"href":"https:\/\/dgospel.com.br\/portal\/index.php\/wp-json\/wp\/v2\/posts"}],"about":[{"href":"https:\/\/dgospel.com.br\/portal\/index.php\/wp-json\/wp\/v2\/types\/post"}],"author":[{"embeddable":true,"href":"https:\/\/dgospel.com.br\/portal\/index.php\/wp-json\/wp\/v2\/users\/2"}],"replies":[{"embeddable":true,"href":"https:\/\/dgospel.com.br\/portal\/index.php\/wp-json\/wp\/v2\/comments?post=1402"}],"version-history":[{"count":1,"href":"https:\/\/dgospel.com.br\/portal\/index.php\/wp-json\/wp\/v2\/posts\/1402\/revisions"}],"predecessor-version":[{"id":1404,"href":"https:\/\/dgospel.com.br\/portal\/index.php\/wp-json\/wp\/v2\/posts\/1402\/revisions\/1404"}],"wp:featuredmedia":[{"embeddable":true,"href":"https:\/\/dgospel.com.br\/portal\/index.php\/wp-json\/wp\/v2\/media\/1403"}],"wp:attachment":[{"href":"https:\/\/dgospel.com.br\/portal\/index.php\/wp-json\/wp\/v2\/media?parent=1402"}],"wp:term":[{"taxonomy":"category","embeddable":true,"href":"https:\/\/dgospel.com.br\/portal\/index.php\/wp-json\/wp\/v2\/categories?post=1402"},{"taxonomy":"post_tag","embeddable":true,"href":"https:\/\/dgospel.com.br\/portal\/index.php\/wp-json\/wp\/v2\/tags?post=1402"}],"curies":[{"name":"wp","href":"https:\/\/api.w.org\/{rel}","templated":true}]}}