{"id":14023,"date":"2022-12-22T09:23:30","date_gmt":"2022-12-22T12:23:30","guid":{"rendered":"http:\/\/dgospel.com.br\/portal\/?p=14023"},"modified":"2022-12-22T09:23:31","modified_gmt":"2022-12-22T12:23:31","slug":"grupos-de-esquerda-fazem-protesto-no-centro-do-recife","status":"publish","type":"post","link":"https:\/\/dgospel.com.br\/portal\/index.php\/2022\/12\/22\/grupos-de-esquerda-fazem-protesto-no-centro-do-recife\/","title":{"rendered":"Grupos de esquerda fazem protesto no centro do Recife"},"content":{"rendered":"\n<p>Nesta quarta-feira (21), uma manifesta\u00e7\u00e3o interditou a Rua do Imperador e a Ponte Maur\u00edcio de Nassau, no Centro do Recife (PE). Segundo o Jornal do Commercio (JC), o protesto foi feito por grupos ligado \u00e0 esquerda, que cobram moradia.<\/p>\n\n\n\n<p>\u2013 Um dos motivos do protesto \u00e9 por estarmos entrando em um novo governo. Queremos um canal de di\u00e1logo com Raquel Lyra antes dela assumir, partir para uma negocia\u00e7\u00e3o para a garantir de moradia \u2013 disse o coordenador estadual do Movimento de Luta e Resist\u00eancia pelo Teto (MLRT) em Pernambuco, Giancarlo dos L\u00edrios, ao jornal local.<\/p>\n\n\n\n<p>Outra entidade que teria provocado o protesto seria o Movimento de Luta nos Bairros (MLB), conforme reportou o JC.<\/p>\n\n\n\n<p>Imagens mostraram pessoas ateando fogo em pneus na Rua do Imperador e na Ponte Maur\u00edcio de Nassau. Trabalhadores da regi\u00e3o do protesto relataram que o tr\u00e2nsito ficou parado na \u00e1rea, de acordo com o G1.<\/p>\n","protected":false},"excerpt":{"rendered":"<p>Nesta quarta-feira (21), uma manifesta\u00e7\u00e3o interditou a Rua do Imperador e a Ponte Maur\u00edcio de Nassau, no Centro do Recife (PE). Segundo o Jornal do Commercio (JC), o protesto foi feito por grupos ligado \u00e0 esquerda, que cobram moradia. \u2013 Um dos motivos do protesto \u00e9 por estarmos entrando em um novo governo. Queremos um [&hellip;]<\/p>\n","protected":false},"author":2,"featured_media":14024,"comment_status":"open","ping_status":"open","sticky":false,"template":"","format":"standard","meta":[],"categories":[10],"tags":[],"_links":{"self":[{"href":"https:\/\/dgospel.com.br\/portal\/index.php\/wp-json\/wp\/v2\/posts\/14023"}],"collection":[{"href":"https:\/\/dgospel.com.br\/portal\/index.php\/wp-json\/wp\/v2\/posts"}],"about":[{"href":"https:\/\/dgospel.com.br\/portal\/index.php\/wp-json\/wp\/v2\/types\/post"}],"author":[{"embeddable":true,"href":"https:\/\/dgospel.com.br\/portal\/index.php\/wp-json\/wp\/v2\/users\/2"}],"replies":[{"embeddable":true,"href":"https:\/\/dgospel.com.br\/portal\/index.php\/wp-json\/wp\/v2\/comments?post=14023"}],"version-history":[{"count":1,"href":"https:\/\/dgospel.com.br\/portal\/index.php\/wp-json\/wp\/v2\/posts\/14023\/revisions"}],"predecessor-version":[{"id":14025,"href":"https:\/\/dgospel.com.br\/portal\/index.php\/wp-json\/wp\/v2\/posts\/14023\/revisions\/14025"}],"wp:featuredmedia":[{"embeddable":true,"href":"https:\/\/dgospel.com.br\/portal\/index.php\/wp-json\/wp\/v2\/media\/14024"}],"wp:attachment":[{"href":"https:\/\/dgospel.com.br\/portal\/index.php\/wp-json\/wp\/v2\/media?parent=14023"}],"wp:term":[{"taxonomy":"category","embeddable":true,"href":"https:\/\/dgospel.com.br\/portal\/index.php\/wp-json\/wp\/v2\/categories?post=14023"},{"taxonomy":"post_tag","embeddable":true,"href":"https:\/\/dgospel.com.br\/portal\/index.php\/wp-json\/wp\/v2\/tags?post=14023"}],"curies":[{"name":"wp","href":"https:\/\/api.w.org\/{rel}","templated":true}]}}