{"id":14026,"date":"2022-12-22T09:30:09","date_gmt":"2022-12-22T12:30:09","guid":{"rendered":"http:\/\/dgospel.com.br\/portal\/?p=14026"},"modified":"2022-12-22T09:30:09","modified_gmt":"2022-12-22T12:30:09","slug":"desprestigio-pasta-da-industria-recebe-mais-uma-recusa","status":"publish","type":"post","link":"https:\/\/dgospel.com.br\/portal\/index.php\/2022\/12\/22\/desprestigio-pasta-da-industria-recebe-mais-uma-recusa\/","title":{"rendered":"Desprest\u00edgio: Pasta da Ind\u00fastria recebe mais uma recusa"},"content":{"rendered":"\n<p>Luiz In\u00e1cio Lula da Silva (PT), presidente eleito, vai recriar o Minist\u00e9rio da Ind\u00fastria, Desenvolvimento e Com\u00e9rcio Exterior, eliminado na proposta de austeridade do governo Bolsonaro (PL). Para assumir o comando da pasta, Lula convidou o presidente do Conselho de Administra\u00e7\u00e3o do Grupo Ultra, Pedro Wongtschowski, que recusou o convite.<\/p>\n\n\n\n<p>A justificativa seria por discord\u00e2ncias com as pol\u00edticas econ\u00f4micas do governo petista, que \u00e9 contr\u00e1ria \u00e0s privatiza\u00e7\u00f5es e concess\u00f5es, por exemplo. Pedro, que apoiou Simone Tebet (MDB-RS) na \u00faltima elei\u00e7\u00e3o, e declarou voto no petista no segundo turno, \u00e9 propriet\u00e1rio de imenso prest\u00edgio na ind\u00fastria qu\u00edmica brasileira.<\/p>\n\n\n\n<p>Wongtschowski n\u00e3o foi o primeiro a dispensar a cadeira. O empres\u00e1rio da Coteminas e presidente da Federa\u00e7\u00e3o das Ind\u00fastrias do Estado de S\u00e3o Paulo (Fiesp), Josu\u00e9 Gomes, j\u00e1 havia negado o convite, recentemente.<\/p>\n\n\n\n<p>O ex-comandante da pasta no governo Dilma, Armando Monteiro, filiado ao PSDB, pode ser o nome a receber o pr\u00f3ximo convite e voltar ao cargo. Ele foi presidente da Confedera\u00e7\u00e3o Nacional da Ind\u00fastria (CNI).<\/p>\n","protected":false},"excerpt":{"rendered":"<p>Luiz In\u00e1cio Lula da Silva (PT), presidente eleito, vai recriar o Minist\u00e9rio da Ind\u00fastria, Desenvolvimento e Com\u00e9rcio Exterior, eliminado na proposta de austeridade do governo Bolsonaro (PL). Para assumir o comando da pasta, Lula convidou o presidente do Conselho de Administra\u00e7\u00e3o do Grupo Ultra, Pedro Wongtschowski, que recusou o convite. A justificativa seria por discord\u00e2ncias [&hellip;]<\/p>\n","protected":false},"author":2,"featured_media":14027,"comment_status":"open","ping_status":"open","sticky":false,"template":"","format":"standard","meta":[],"categories":[4],"tags":[],"_links":{"self":[{"href":"https:\/\/dgospel.com.br\/portal\/index.php\/wp-json\/wp\/v2\/posts\/14026"}],"collection":[{"href":"https:\/\/dgospel.com.br\/portal\/index.php\/wp-json\/wp\/v2\/posts"}],"about":[{"href":"https:\/\/dgospel.com.br\/portal\/index.php\/wp-json\/wp\/v2\/types\/post"}],"author":[{"embeddable":true,"href":"https:\/\/dgospel.com.br\/portal\/index.php\/wp-json\/wp\/v2\/users\/2"}],"replies":[{"embeddable":true,"href":"https:\/\/dgospel.com.br\/portal\/index.php\/wp-json\/wp\/v2\/comments?post=14026"}],"version-history":[{"count":1,"href":"https:\/\/dgospel.com.br\/portal\/index.php\/wp-json\/wp\/v2\/posts\/14026\/revisions"}],"predecessor-version":[{"id":14028,"href":"https:\/\/dgospel.com.br\/portal\/index.php\/wp-json\/wp\/v2\/posts\/14026\/revisions\/14028"}],"wp:featuredmedia":[{"embeddable":true,"href":"https:\/\/dgospel.com.br\/portal\/index.php\/wp-json\/wp\/v2\/media\/14027"}],"wp:attachment":[{"href":"https:\/\/dgospel.com.br\/portal\/index.php\/wp-json\/wp\/v2\/media?parent=14026"}],"wp:term":[{"taxonomy":"category","embeddable":true,"href":"https:\/\/dgospel.com.br\/portal\/index.php\/wp-json\/wp\/v2\/categories?post=14026"},{"taxonomy":"post_tag","embeddable":true,"href":"https:\/\/dgospel.com.br\/portal\/index.php\/wp-json\/wp\/v2\/tags?post=14026"}],"curies":[{"name":"wp","href":"https:\/\/api.w.org\/{rel}","templated":true}]}}