{"id":14029,"date":"2022-12-22T09:31:53","date_gmt":"2022-12-22T12:31:53","guid":{"rendered":"http:\/\/dgospel.com.br\/portal\/?p=14029"},"modified":"2022-12-22T09:31:54","modified_gmt":"2022-12-22T12:31:54","slug":"dias-toffoli-rejeita-pedido-para-relacionar-bolsonaro-a-crime","status":"publish","type":"post","link":"https:\/\/dgospel.com.br\/portal\/index.php\/2022\/12\/22\/dias-toffoli-rejeita-pedido-para-relacionar-bolsonaro-a-crime\/","title":{"rendered":"Dias Toffoli rejeita pedido para relacionar Bolsonaro a crime"},"content":{"rendered":"\n<p>O ministro Dias Toffoli, do Supremo Tribunal Federal (STF), decidiu pelo arquivamento de um pedido para investiga\u00e7\u00e3o de incita\u00e7\u00e3o \u00e0 viol\u00eancia contra advers\u00e1rios por parte do presidente Jair Bolsonaro (PL). O requerimento tinha sido apresentado por parlamentares do PT, PSOL, Rede, PDT, PSB, PV e PCdoB.<\/p>\n\n\n\n<p>A determina\u00e7\u00e3o atendeu a uma manifesta\u00e7\u00e3o da Procuradoria-Geral da Rep\u00fablica (PGR), que disse n\u00e3o ver liga\u00e7\u00e3o entre Bolsonaro e o assassinato do tesoureiro do PT em Foz do Igua\u00e7u (PR), Marcelo Arruda. As informa\u00e7\u00f5es s\u00e3o do site O Antagonista.<\/p>\n\n\n\n<p>Segundo Toffoli, cabe \u00e0 PGR decidir sobre abertura de inqu\u00e9rito.<\/p>\n\n\n\n<p>\u2013 N\u00e3o h\u00e1 como o Judici\u00e1rio substituir a atividade ministerial exercendo ju\u00edzo valorativo sobre fatos alegadamente criminosos \u2013 apontou o magistrado.<\/p>\n\n\n\n<p>O tesoureiro do PT foi morto em julho. O policial penal Jorge Guaranho, acusado de matar Arruda, ir\u00e1 a j\u00fari popular por homic\u00eddio duplamente qualificado, conforme senten\u00e7a foi assinada no dia 1\u00ba de dezembro pelo juiz Gustavo Arguello, da 3\u00aa Vara Criminal de Foz do Igua\u00e7u.<\/p>\n","protected":false},"excerpt":{"rendered":"<p>O ministro Dias Toffoli, do Supremo Tribunal Federal (STF), decidiu pelo arquivamento de um pedido para investiga\u00e7\u00e3o de incita\u00e7\u00e3o \u00e0 viol\u00eancia contra advers\u00e1rios por parte do presidente Jair Bolsonaro (PL). O requerimento tinha sido apresentado por parlamentares do PT, PSOL, Rede, PDT, PSB, PV e PCdoB. A determina\u00e7\u00e3o atendeu a uma manifesta\u00e7\u00e3o da Procuradoria-Geral da [&hellip;]<\/p>\n","protected":false},"author":2,"featured_media":14030,"comment_status":"open","ping_status":"open","sticky":false,"template":"","format":"standard","meta":[],"categories":[10],"tags":[],"_links":{"self":[{"href":"https:\/\/dgospel.com.br\/portal\/index.php\/wp-json\/wp\/v2\/posts\/14029"}],"collection":[{"href":"https:\/\/dgospel.com.br\/portal\/index.php\/wp-json\/wp\/v2\/posts"}],"about":[{"href":"https:\/\/dgospel.com.br\/portal\/index.php\/wp-json\/wp\/v2\/types\/post"}],"author":[{"embeddable":true,"href":"https:\/\/dgospel.com.br\/portal\/index.php\/wp-json\/wp\/v2\/users\/2"}],"replies":[{"embeddable":true,"href":"https:\/\/dgospel.com.br\/portal\/index.php\/wp-json\/wp\/v2\/comments?post=14029"}],"version-history":[{"count":1,"href":"https:\/\/dgospel.com.br\/portal\/index.php\/wp-json\/wp\/v2\/posts\/14029\/revisions"}],"predecessor-version":[{"id":14031,"href":"https:\/\/dgospel.com.br\/portal\/index.php\/wp-json\/wp\/v2\/posts\/14029\/revisions\/14031"}],"wp:featuredmedia":[{"embeddable":true,"href":"https:\/\/dgospel.com.br\/portal\/index.php\/wp-json\/wp\/v2\/media\/14030"}],"wp:attachment":[{"href":"https:\/\/dgospel.com.br\/portal\/index.php\/wp-json\/wp\/v2\/media?parent=14029"}],"wp:term":[{"taxonomy":"category","embeddable":true,"href":"https:\/\/dgospel.com.br\/portal\/index.php\/wp-json\/wp\/v2\/categories?post=14029"},{"taxonomy":"post_tag","embeddable":true,"href":"https:\/\/dgospel.com.br\/portal\/index.php\/wp-json\/wp\/v2\/tags?post=14029"}],"curies":[{"name":"wp","href":"https:\/\/api.w.org\/{rel}","templated":true}]}}