{"id":14035,"date":"2022-12-22T10:06:35","date_gmt":"2022-12-22T13:06:35","guid":{"rendered":"http:\/\/dgospel.com.br\/portal\/?p=14035"},"modified":"2022-12-22T10:06:36","modified_gmt":"2022-12-22T13:06:36","slug":"diario-oficial-da-uniao-publica-aprovacao-de-que-ministerio-da-defesa-passa-a-ser-o-orgao-que-interpreta-a-constituicao","status":"publish","type":"post","link":"https:\/\/dgospel.com.br\/portal\/index.php\/2022\/12\/22\/diario-oficial-da-uniao-publica-aprovacao-de-que-ministerio-da-defesa-passa-a-ser-o-orgao-que-interpreta-a-constituicao\/","title":{"rendered":"Di\u00e1rio Oficial da Uni\u00e3o publica aprova\u00e7\u00e3o de que Minist\u00e9rio da Defesa passa a ser o \u00f3rg\u00e3o que \u201cinterpreta a Constitui\u00e7\u00e3o\u201d"},"content":{"rendered":"\n<p>O Di\u00e1rio Oficial da Uni\u00e3o publicou a aprova\u00e7\u00e3o do regimento interno da Consultoria Jur\u00eddica junto ao Minist\u00e9rio da Defesa, que passa a ter a atribui\u00e7\u00e3o de \u201cfixar a interpreta\u00e7\u00e3o da Constitui\u00e7\u00e3o\u201d.<\/p>\n\n\n\n<p>A portaria normativa \u00e9 assinada pelo advogado-geral da Uni\u00e3o, Bruno Bianco. O corpo jur\u00eddico passa a exercer, a partir de agora, oficialmente a fun\u00e7\u00e3o de interpretar a Constitui\u00e7\u00e3o.<\/p>\n\n\n\n<p>\u201c<em>DA CONSULTORIA JUR\u00cdDICA JUNTO AO MINIST\u00c9RIO DA DEFESA<\/em><\/p>\n\n\n\n<p><em>Se\u00e7\u00e3o I<\/em><\/p>\n\n\n\n<p><em>Da Categoria e compet\u00eancia<\/em><\/p>\n\n\n\n<p><em>Art. 1\u00ba \u00c0 Consultoria Jur\u00eddica junto ao Minist\u00e9rio da Defesa, \u00f3rg\u00e3o de execu\u00e7\u00e3o da Advocacia-Geral da Uni\u00e3o, nos termos do art. 2\u00ba, inciso II, al\u00ednea \u201cb\u201d, da Lei Complementar n\u00ba 73, de 10 de fevereiro de 1993, compete:<\/em><\/p>\n\n\n\n<p><em>I \u2013 prestar assessoria e consultoria jur\u00eddica no \u00e2mbito do Minist\u00e9rio da Defesa;<\/em><\/p>\n\n\n\n<p><em>II \u2013 fixar a interpreta\u00e7\u00e3o da Constitui\u00e7\u00e3o, das leis, dos tratados e dos demais atos normativos, a ser uniformemente seguida na \u00e1rea de atua\u00e7\u00e3o do Minist\u00e9rio quando n\u00e3o houver orienta\u00e7\u00e3o normativa do Advogado-Geral da Uni\u00e3o<\/em>\u201c.<\/p>\n\n\n\n<p>Leia a portaria na&nbsp;<a href=\"https:\/\/www.in.gov.br\/en\/web\/dou\/-\/portaria-normativa-agu-n-74-de-16-de-dezembro-de-2022-452048783\">\u00edntegra aqui<\/a>.<\/p>\n","protected":false},"excerpt":{"rendered":"<p>O Di\u00e1rio Oficial da Uni\u00e3o publicou a aprova\u00e7\u00e3o do regimento interno da Consultoria Jur\u00eddica junto ao Minist\u00e9rio da Defesa, que passa a ter a atribui\u00e7\u00e3o de \u201cfixar a interpreta\u00e7\u00e3o da Constitui\u00e7\u00e3o\u201d. A portaria normativa \u00e9 assinada pelo advogado-geral da Uni\u00e3o, Bruno Bianco. O corpo jur\u00eddico passa a exercer, a partir de agora, oficialmente a fun\u00e7\u00e3o [&hellip;]<\/p>\n","protected":false},"author":2,"featured_media":14036,"comment_status":"open","ping_status":"open","sticky":false,"template":"","format":"standard","meta":[],"categories":[10],"tags":[],"_links":{"self":[{"href":"https:\/\/dgospel.com.br\/portal\/index.php\/wp-json\/wp\/v2\/posts\/14035"}],"collection":[{"href":"https:\/\/dgospel.com.br\/portal\/index.php\/wp-json\/wp\/v2\/posts"}],"about":[{"href":"https:\/\/dgospel.com.br\/portal\/index.php\/wp-json\/wp\/v2\/types\/post"}],"author":[{"embeddable":true,"href":"https:\/\/dgospel.com.br\/portal\/index.php\/wp-json\/wp\/v2\/users\/2"}],"replies":[{"embeddable":true,"href":"https:\/\/dgospel.com.br\/portal\/index.php\/wp-json\/wp\/v2\/comments?post=14035"}],"version-history":[{"count":1,"href":"https:\/\/dgospel.com.br\/portal\/index.php\/wp-json\/wp\/v2\/posts\/14035\/revisions"}],"predecessor-version":[{"id":14037,"href":"https:\/\/dgospel.com.br\/portal\/index.php\/wp-json\/wp\/v2\/posts\/14035\/revisions\/14037"}],"wp:featuredmedia":[{"embeddable":true,"href":"https:\/\/dgospel.com.br\/portal\/index.php\/wp-json\/wp\/v2\/media\/14036"}],"wp:attachment":[{"href":"https:\/\/dgospel.com.br\/portal\/index.php\/wp-json\/wp\/v2\/media?parent=14035"}],"wp:term":[{"taxonomy":"category","embeddable":true,"href":"https:\/\/dgospel.com.br\/portal\/index.php\/wp-json\/wp\/v2\/categories?post=14035"},{"taxonomy":"post_tag","embeddable":true,"href":"https:\/\/dgospel.com.br\/portal\/index.php\/wp-json\/wp\/v2\/tags?post=14035"}],"curies":[{"name":"wp","href":"https:\/\/api.w.org\/{rel}","templated":true}]}}