{"id":14038,"date":"2022-12-22T10:08:19","date_gmt":"2022-12-22T13:08:19","guid":{"rendered":"http:\/\/dgospel.com.br\/portal\/?p=14038"},"modified":"2022-12-22T10:08:20","modified_gmt":"2022-12-22T13:08:20","slug":"fa-de-fidel-castro-e-indicado-para-diretor-geral-da-prf","status":"publish","type":"post","link":"https:\/\/dgospel.com.br\/portal\/index.php\/2022\/12\/22\/fa-de-fidel-castro-e-indicado-para-diretor-geral-da-prf\/","title":{"rendered":"F\u00e3 de Fidel Castro \u00e9 indicado para diretor-geral da PRF"},"content":{"rendered":"\n<p>Ant\u00f4nio Fernando Oliveira, policial rodovi\u00e1rio federal, foi indicado pelo futuro ministro da Justi\u00e7a, Fl\u00e1vio Dino, para ser o sucessor de Silvinei Vasques como diretor-geral da PRF.<\/p>\n\n\n\n<p>A indica\u00e7\u00e3o acontece imediatamente ap\u00f3s o tamb\u00e9m policial rodovi\u00e1rio federal, Edmar Camata, ser dispensado em menos de 24 horas ap\u00f3s ser indicado. O motivo da troca \u00e9 o fato de Camata ser apoiador da Opera\u00e7\u00e3o Lava-Jato, que resultou na pris\u00e3o de Lula (PT).<\/p>\n\n\n\n<p>J\u00e1 Oliveira \u00e9 um f\u00e3 declarado de Fidel Castro e amigo de Fl\u00e1vio Dino. Em suas redes sociais, Oliveira aparece com roupas semelhantes \u00e0s usadas por Fidel<\/p>\n","protected":false},"excerpt":{"rendered":"<p>Ant\u00f4nio Fernando Oliveira, policial rodovi\u00e1rio federal, foi indicado pelo futuro ministro da Justi\u00e7a, Fl\u00e1vio Dino, para ser o sucessor de Silvinei Vasques como diretor-geral da PRF. A indica\u00e7\u00e3o acontece imediatamente ap\u00f3s o tamb\u00e9m policial rodovi\u00e1rio federal, Edmar Camata, ser dispensado em menos de 24 horas ap\u00f3s ser indicado. O motivo da troca \u00e9 o fato [&hellip;]<\/p>\n","protected":false},"author":2,"featured_media":14039,"comment_status":"open","ping_status":"open","sticky":false,"template":"","format":"standard","meta":[],"categories":[4],"tags":[],"_links":{"self":[{"href":"https:\/\/dgospel.com.br\/portal\/index.php\/wp-json\/wp\/v2\/posts\/14038"}],"collection":[{"href":"https:\/\/dgospel.com.br\/portal\/index.php\/wp-json\/wp\/v2\/posts"}],"about":[{"href":"https:\/\/dgospel.com.br\/portal\/index.php\/wp-json\/wp\/v2\/types\/post"}],"author":[{"embeddable":true,"href":"https:\/\/dgospel.com.br\/portal\/index.php\/wp-json\/wp\/v2\/users\/2"}],"replies":[{"embeddable":true,"href":"https:\/\/dgospel.com.br\/portal\/index.php\/wp-json\/wp\/v2\/comments?post=14038"}],"version-history":[{"count":1,"href":"https:\/\/dgospel.com.br\/portal\/index.php\/wp-json\/wp\/v2\/posts\/14038\/revisions"}],"predecessor-version":[{"id":14040,"href":"https:\/\/dgospel.com.br\/portal\/index.php\/wp-json\/wp\/v2\/posts\/14038\/revisions\/14040"}],"wp:featuredmedia":[{"embeddable":true,"href":"https:\/\/dgospel.com.br\/portal\/index.php\/wp-json\/wp\/v2\/media\/14039"}],"wp:attachment":[{"href":"https:\/\/dgospel.com.br\/portal\/index.php\/wp-json\/wp\/v2\/media?parent=14038"}],"wp:term":[{"taxonomy":"category","embeddable":true,"href":"https:\/\/dgospel.com.br\/portal\/index.php\/wp-json\/wp\/v2\/categories?post=14038"},{"taxonomy":"post_tag","embeddable":true,"href":"https:\/\/dgospel.com.br\/portal\/index.php\/wp-json\/wp\/v2\/tags?post=14038"}],"curies":[{"name":"wp","href":"https:\/\/api.w.org\/{rel}","templated":true}]}}