{"id":14041,"date":"2022-12-23T09:18:54","date_gmt":"2022-12-23T12:18:54","guid":{"rendered":"http:\/\/dgospel.com.br\/portal\/?p=14041"},"modified":"2022-12-23T09:18:55","modified_gmt":"2022-12-23T12:18:55","slug":"michelle-bolsonaro-diz-estar-em-oracao-pelo-nosso-brasil","status":"publish","type":"post","link":"https:\/\/dgospel.com.br\/portal\/index.php\/2022\/12\/23\/michelle-bolsonaro-diz-estar-em-oracao-pelo-nosso-brasil\/","title":{"rendered":"Michelle Bolsonaro diz estar \u201cem ora\u00e7\u00e3o pelo nosso Brasil\u201d"},"content":{"rendered":"\n<p>A primeira-dama Michelle Bolsonaro publicou na tarde desta quinta-feira (22) que est\u00e1 \u201cem ora\u00e7\u00e3o pelo nosso Brasil\u201d. A postagem da esposa do presidente Jair Bolsonaro (PL) foi feita por meio de seus stories, no Instagram.<\/p>\n\n\n\n<p>Nos \u00faltimos dias, Michelle tamb\u00e9m vem fazendo postagens comemorativas acerca de uma tradicional festa judaica chamada Chanuc\u00e1, conhecida como festa das luzes ou dedica\u00e7\u00e3o. A celebra\u00e7\u00e3o dura oito dias, ocorrendo entre os dias 18 e 26 de dezembro deste ano.<\/p>\n\n\n\n<p>\u2013 O principal significado \u00e9 relembrar o grande milagre do azeite, o qual duraria um dia e durou oito dias. Este contexto rememora a hist\u00f3ria do ano 200 a.C., quando poucos judeus venceram um ex\u00e9rcito enorme dos gregos. Bendito seja o Senhor, nosso Deus, Rei do Universo, que nos santificou com seus mandamentos, e nos ordenou acender a vela de Chanuc\u00e1. Feliz Festa das Luzes! \u2013 escreveu a primeira-dama brasileira nesta segunda-feira (19).<\/p>\n\n\n\n<p>Michelle \u00e9 muito ligada \u00e0 sua f\u00e9 e costuma expressar sua espiritualidade de forma recorrente dentro e fora das redes sociais.<\/p>\n","protected":false},"excerpt":{"rendered":"<p>A primeira-dama Michelle Bolsonaro publicou na tarde desta quinta-feira (22) que est\u00e1 \u201cem ora\u00e7\u00e3o pelo nosso Brasil\u201d. A postagem da esposa do presidente Jair Bolsonaro (PL) foi feita por meio de seus stories, no Instagram. Nos \u00faltimos dias, Michelle tamb\u00e9m vem fazendo postagens comemorativas acerca de uma tradicional festa judaica chamada Chanuc\u00e1, conhecida como festa [&hellip;]<\/p>\n","protected":false},"author":2,"featured_media":14042,"comment_status":"open","ping_status":"open","sticky":false,"template":"","format":"standard","meta":[],"categories":[5],"tags":[],"_links":{"self":[{"href":"https:\/\/dgospel.com.br\/portal\/index.php\/wp-json\/wp\/v2\/posts\/14041"}],"collection":[{"href":"https:\/\/dgospel.com.br\/portal\/index.php\/wp-json\/wp\/v2\/posts"}],"about":[{"href":"https:\/\/dgospel.com.br\/portal\/index.php\/wp-json\/wp\/v2\/types\/post"}],"author":[{"embeddable":true,"href":"https:\/\/dgospel.com.br\/portal\/index.php\/wp-json\/wp\/v2\/users\/2"}],"replies":[{"embeddable":true,"href":"https:\/\/dgospel.com.br\/portal\/index.php\/wp-json\/wp\/v2\/comments?post=14041"}],"version-history":[{"count":1,"href":"https:\/\/dgospel.com.br\/portal\/index.php\/wp-json\/wp\/v2\/posts\/14041\/revisions"}],"predecessor-version":[{"id":14043,"href":"https:\/\/dgospel.com.br\/portal\/index.php\/wp-json\/wp\/v2\/posts\/14041\/revisions\/14043"}],"wp:featuredmedia":[{"embeddable":true,"href":"https:\/\/dgospel.com.br\/portal\/index.php\/wp-json\/wp\/v2\/media\/14042"}],"wp:attachment":[{"href":"https:\/\/dgospel.com.br\/portal\/index.php\/wp-json\/wp\/v2\/media?parent=14041"}],"wp:term":[{"taxonomy":"category","embeddable":true,"href":"https:\/\/dgospel.com.br\/portal\/index.php\/wp-json\/wp\/v2\/categories?post=14041"},{"taxonomy":"post_tag","embeddable":true,"href":"https:\/\/dgospel.com.br\/portal\/index.php\/wp-json\/wp\/v2\/tags?post=14041"}],"curies":[{"name":"wp","href":"https:\/\/api.w.org\/{rel}","templated":true}]}}