{"id":14044,"date":"2022-12-23T09:35:40","date_gmt":"2022-12-23T12:35:40","guid":{"rendered":"http:\/\/dgospel.com.br\/portal\/?p=14044"},"modified":"2022-12-23T09:35:41","modified_gmt":"2022-12-23T12:35:41","slug":"celso-portiolli-e-batizado-no-rio-jordao-nas-mesmas-aguas-que-joao-batista-batizou-jesus","status":"publish","type":"post","link":"https:\/\/dgospel.com.br\/portal\/index.php\/2022\/12\/23\/celso-portiolli-e-batizado-no-rio-jordao-nas-mesmas-aguas-que-joao-batista-batizou-jesus\/","title":{"rendered":"Celso Portiolli \u00e9 batizado no Rio Jord\u00e3o: \u201cNas mesmas \u00e1guas que Jo\u00e3o Batista batizou Jesus\u201d"},"content":{"rendered":"\n<p>O apresentador aproveitou a sua estadia na terra Santa para renovar sua f\u00e9.<\/p>\n\n\n\n<p>O apresentador Celso Portiolli (55) surpreendeu ao revelar que foi batizado nas \u00e1guas do Rio Jord\u00e3o, em Israel, nesta semana. O artista est\u00e1 na regi\u00e3o h\u00e1 alguns dias e aproveitou o local de destino religioso para renovar a sua f\u00e9. Nas redes sociais, ele mostrou um v\u00eddeo de quando recebeu a ben\u00e7\u00e3o de um pastor.<\/p>\n\n\n\n<p>\u201cDepois de um ano de momento muito dif\u00edcil na minha vida, pude viver algo extraordin\u00e1rio, o Batismo no Rio Jord\u00e3o. O meu amigo e Pastor Junior me batizou nas mesmas \u00e1guas que Jo\u00e3o Batista batizou Jesus. A emo\u00e7\u00e3o toma conta do cora\u00e7\u00e3o e o Espirito Santo toca profundamente a alma. Obrigado por esse momento meu Deus\u201d, escreveu o apresentar do Domingo Legal.&nbsp;<\/p>\n\n\n\n<p>Tamb\u00e9m nesta semana, Celso Portiolli foi visitar o Muro das Lamenta\u00e7\u00f5es e fez uma ora\u00e7\u00e3o especial para os seus f\u00e3s ap\u00f3s receber o apoio de todos quando revelou que retirou um tumor da bexiga. \u201cDeus, neste momento, eu quero agradecer a todas as ora\u00e7\u00f5es que venho recebendo do povo brasileiro, as pessoas que oram por mim, que gostam de mim, as pessoas que pedem para que a minha sa\u00fade seja reestabelecida \u2013 assim como j\u00e1 foi. Eu quero, neste momento, pedir tamb\u00e9m que o senhor aben\u00e7oe todas essas pessoas, levando sa\u00fade, harmonia, paz, prosperidade\u2026\u201d, disse ele.\u00a0<\/p>\n\n\n\n<p>E completou: \u201cPara quem tem problema de sa\u00fade, que o senhor possa levar tamb\u00e9m a cura para cada pessoa que est\u00e1 necessitando neste momento, meu pai. Eu agrade\u00e7o de cora\u00e7\u00e3o. E pe\u00e7o tamb\u00e9m, diretamente do Muro das Lamenta\u00e7\u00f5es, as suas ben\u00e7\u00e3os para todas essas pessoas que torceram e oraram por mim, aben\u00e7oa, meu pai. Muito obrigada pelas ben\u00e7\u00e3os recebidas\u201d.\u00a0<\/p>\n","protected":false},"excerpt":{"rendered":"<p>O apresentador aproveitou a sua estadia na terra Santa para renovar sua f\u00e9. O apresentador Celso Portiolli (55) surpreendeu ao revelar que foi batizado nas \u00e1guas do Rio Jord\u00e3o, em Israel, nesta semana. O artista est\u00e1 na regi\u00e3o h\u00e1 alguns dias e aproveitou o local de destino religioso para renovar a sua f\u00e9. Nas redes [&hellip;]<\/p>\n","protected":false},"author":2,"featured_media":14045,"comment_status":"open","ping_status":"open","sticky":false,"template":"","format":"standard","meta":[],"categories":[5],"tags":[],"_links":{"self":[{"href":"https:\/\/dgospel.com.br\/portal\/index.php\/wp-json\/wp\/v2\/posts\/14044"}],"collection":[{"href":"https:\/\/dgospel.com.br\/portal\/index.php\/wp-json\/wp\/v2\/posts"}],"about":[{"href":"https:\/\/dgospel.com.br\/portal\/index.php\/wp-json\/wp\/v2\/types\/post"}],"author":[{"embeddable":true,"href":"https:\/\/dgospel.com.br\/portal\/index.php\/wp-json\/wp\/v2\/users\/2"}],"replies":[{"embeddable":true,"href":"https:\/\/dgospel.com.br\/portal\/index.php\/wp-json\/wp\/v2\/comments?post=14044"}],"version-history":[{"count":1,"href":"https:\/\/dgospel.com.br\/portal\/index.php\/wp-json\/wp\/v2\/posts\/14044\/revisions"}],"predecessor-version":[{"id":14046,"href":"https:\/\/dgospel.com.br\/portal\/index.php\/wp-json\/wp\/v2\/posts\/14044\/revisions\/14046"}],"wp:featuredmedia":[{"embeddable":true,"href":"https:\/\/dgospel.com.br\/portal\/index.php\/wp-json\/wp\/v2\/media\/14045"}],"wp:attachment":[{"href":"https:\/\/dgospel.com.br\/portal\/index.php\/wp-json\/wp\/v2\/media?parent=14044"}],"wp:term":[{"taxonomy":"category","embeddable":true,"href":"https:\/\/dgospel.com.br\/portal\/index.php\/wp-json\/wp\/v2\/categories?post=14044"},{"taxonomy":"post_tag","embeddable":true,"href":"https:\/\/dgospel.com.br\/portal\/index.php\/wp-json\/wp\/v2\/tags?post=14044"}],"curies":[{"name":"wp","href":"https:\/\/api.w.org\/{rel}","templated":true}]}}