{"id":14050,"date":"2022-12-23T10:51:50","date_gmt":"2022-12-23T13:51:50","guid":{"rendered":"http:\/\/dgospel.com.br\/portal\/?p=14050"},"modified":"2022-12-23T10:51:52","modified_gmt":"2022-12-23T13:51:52","slug":"gabinete-de-intervencao-federal-no-rio-e-prorrogado-por-6-meses","status":"publish","type":"post","link":"https:\/\/dgospel.com.br\/portal\/index.php\/2022\/12\/23\/gabinete-de-intervencao-federal-no-rio-e-prorrogado-por-6-meses\/","title":{"rendered":"Gabinete de Interven\u00e7\u00e3o Federal no Rio \u00e9 prorrogado por 6 meses"},"content":{"rendered":"\n<p>O Gabinete de Interven\u00e7\u00e3o Federal no&nbsp;<a href=\"https:\/\/pleno.news\/tag\/rio-de-janeiro\" target=\"_blank\" rel=\"noreferrer noopener\">Rio de Janeiro<\/a>, estrutura estabelecida em 2018 para planejar e coordenar os trabalhos da interven\u00e7\u00e3o federal realizada a pedido do governo fluminense naquele ano, teve seu funcionamento prorrogado por mais seis meses nesta sexta-feira (23). A medida foi publicada no Di\u00e1rio Oficial da Uni\u00e3o (DOU).<\/p>\n\n\n\n<p>A interven\u00e7\u00e3o federal na seguran\u00e7a p\u00fablica do Rio de Janeiro foi decretada em 16 de fevereiro de 2018, pelo ent\u00e3o presidente da Rep\u00fablica, Michel Temer, a pedido do ent\u00e3o governador do estado, Luiz Fernando Pez\u00e3o, com prazo para durar at\u00e9 dezembro daquele ano.<\/p>\n\n\n\n<p>No per\u00edodo em que a interven\u00e7\u00e3o ficou em vigor, os \u00f3rg\u00e3os de seguran\u00e7a p\u00fablica estaduais ficaram subordinados ao Gabinete de Interven\u00e7\u00e3o Federal. A justificativa adotada para aplicar a interven\u00e7\u00e3o foi o comprometimento da ordem p\u00fablica no estado naquela ocasi\u00e3o.<\/p>\n\n\n\n<p>No entanto, ap\u00f3s a interven\u00e7\u00e3o ser finalizada, o Gabinete de Interven\u00e7\u00e3o Federal foi mantido, com parte dos cargos, com o objetivo de fazer entregas contratuais. Com a nova prorroga\u00e7\u00e3o publicada no DOU, a estrutura, que deixaria de funcionar nesta sexta, seguir\u00e1 existindo at\u00e9 30 de junho de 2023.<\/p>\n\n\n\n<p>\u2013 O ato assinado pelo presidente Jair Bolsonaro prorroga o prazo para encerramento das atividades do Gabinete de Interven\u00e7\u00e3o Federal no Estado do Rio de Janeiro, para que possam ser conclu\u00eddas entregas contratuais \u2013 esclareceu a Secretaria-Geral da Presid\u00eancia da Rep\u00fablica.<\/p>\n","protected":false},"excerpt":{"rendered":"<p>O Gabinete de Interven\u00e7\u00e3o Federal no&nbsp;Rio de Janeiro, estrutura estabelecida em 2018 para planejar e coordenar os trabalhos da interven\u00e7\u00e3o federal realizada a pedido do governo fluminense naquele ano, teve seu funcionamento prorrogado por mais seis meses nesta sexta-feira (23). A medida foi publicada no Di\u00e1rio Oficial da Uni\u00e3o (DOU). A interven\u00e7\u00e3o federal na seguran\u00e7a [&hellip;]<\/p>\n","protected":false},"author":2,"featured_media":14051,"comment_status":"open","ping_status":"open","sticky":false,"template":"","format":"standard","meta":[],"categories":[10],"tags":[],"_links":{"self":[{"href":"https:\/\/dgospel.com.br\/portal\/index.php\/wp-json\/wp\/v2\/posts\/14050"}],"collection":[{"href":"https:\/\/dgospel.com.br\/portal\/index.php\/wp-json\/wp\/v2\/posts"}],"about":[{"href":"https:\/\/dgospel.com.br\/portal\/index.php\/wp-json\/wp\/v2\/types\/post"}],"author":[{"embeddable":true,"href":"https:\/\/dgospel.com.br\/portal\/index.php\/wp-json\/wp\/v2\/users\/2"}],"replies":[{"embeddable":true,"href":"https:\/\/dgospel.com.br\/portal\/index.php\/wp-json\/wp\/v2\/comments?post=14050"}],"version-history":[{"count":1,"href":"https:\/\/dgospel.com.br\/portal\/index.php\/wp-json\/wp\/v2\/posts\/14050\/revisions"}],"predecessor-version":[{"id":14052,"href":"https:\/\/dgospel.com.br\/portal\/index.php\/wp-json\/wp\/v2\/posts\/14050\/revisions\/14052"}],"wp:featuredmedia":[{"embeddable":true,"href":"https:\/\/dgospel.com.br\/portal\/index.php\/wp-json\/wp\/v2\/media\/14051"}],"wp:attachment":[{"href":"https:\/\/dgospel.com.br\/portal\/index.php\/wp-json\/wp\/v2\/media?parent=14050"}],"wp:term":[{"taxonomy":"category","embeddable":true,"href":"https:\/\/dgospel.com.br\/portal\/index.php\/wp-json\/wp\/v2\/categories?post=14050"},{"taxonomy":"post_tag","embeddable":true,"href":"https:\/\/dgospel.com.br\/portal\/index.php\/wp-json\/wp\/v2\/tags?post=14050"}],"curies":[{"name":"wp","href":"https:\/\/api.w.org\/{rel}","templated":true}]}}