{"id":14053,"date":"2022-12-23T11:25:18","date_gmt":"2022-12-23T14:25:18","guid":{"rendered":"http:\/\/dgospel.com.br\/portal\/?p=14053"},"modified":"2022-12-23T11:25:19","modified_gmt":"2022-12-23T14:25:19","slug":"biden-recua-e-nao-ira-a-posse-de-lula-em-janeiro","status":"publish","type":"post","link":"https:\/\/dgospel.com.br\/portal\/index.php\/2022\/12\/23\/biden-recua-e-nao-ira-a-posse-de-lula-em-janeiro\/","title":{"rendered":"Biden recua e n\u00e3o ir\u00e1 a posse de Lula, em janeiro"},"content":{"rendered":"\n<p>Joe Biden, presidente dos Estados Unidos, recuou e n\u00e3o comparecer\u00e1 \u00e0 posse de Lula (PT), no dia 1\u00ba de janeiro, em Bras\u00edlia. Em um comunicado da Casa Branca, uma equipe liderada por Deb Haaland, secret\u00e1ria do Departamento de Interiores dos EUA representar\u00e1 o pa\u00eds.<\/p>\n\n\n\n<p>Douglas Koneff, encarregado de neg\u00f3cios dos EUA no Brasil, e Juan Gonzalez, assistente especial do presidente americano e diretor s\u00eanior dos Assuntos do Hemisf\u00e9rio Ocidental, do Conselho de Seguran\u00e7a Nacional, acompanhar\u00e3o Haaland.<\/p>\n\n\n\n<h1><\/h1>\n","protected":false},"excerpt":{"rendered":"<p>Joe Biden, presidente dos Estados Unidos, recuou e n\u00e3o comparecer\u00e1 \u00e0 posse de Lula (PT), no dia 1\u00ba de janeiro, em Bras\u00edlia. Em um comunicado da Casa Branca, uma equipe liderada por Deb Haaland, secret\u00e1ria do Departamento de Interiores dos EUA representar\u00e1 o pa\u00eds. Douglas Koneff, encarregado de neg\u00f3cios dos EUA no Brasil, e Juan [&hellip;]<\/p>\n","protected":false},"author":2,"featured_media":14054,"comment_status":"open","ping_status":"open","sticky":false,"template":"","format":"standard","meta":[],"categories":[16],"tags":[],"_links":{"self":[{"href":"https:\/\/dgospel.com.br\/portal\/index.php\/wp-json\/wp\/v2\/posts\/14053"}],"collection":[{"href":"https:\/\/dgospel.com.br\/portal\/index.php\/wp-json\/wp\/v2\/posts"}],"about":[{"href":"https:\/\/dgospel.com.br\/portal\/index.php\/wp-json\/wp\/v2\/types\/post"}],"author":[{"embeddable":true,"href":"https:\/\/dgospel.com.br\/portal\/index.php\/wp-json\/wp\/v2\/users\/2"}],"replies":[{"embeddable":true,"href":"https:\/\/dgospel.com.br\/portal\/index.php\/wp-json\/wp\/v2\/comments?post=14053"}],"version-history":[{"count":1,"href":"https:\/\/dgospel.com.br\/portal\/index.php\/wp-json\/wp\/v2\/posts\/14053\/revisions"}],"predecessor-version":[{"id":14055,"href":"https:\/\/dgospel.com.br\/portal\/index.php\/wp-json\/wp\/v2\/posts\/14053\/revisions\/14055"}],"wp:featuredmedia":[{"embeddable":true,"href":"https:\/\/dgospel.com.br\/portal\/index.php\/wp-json\/wp\/v2\/media\/14054"}],"wp:attachment":[{"href":"https:\/\/dgospel.com.br\/portal\/index.php\/wp-json\/wp\/v2\/media?parent=14053"}],"wp:term":[{"taxonomy":"category","embeddable":true,"href":"https:\/\/dgospel.com.br\/portal\/index.php\/wp-json\/wp\/v2\/categories?post=14053"},{"taxonomy":"post_tag","embeddable":true,"href":"https:\/\/dgospel.com.br\/portal\/index.php\/wp-json\/wp\/v2\/tags?post=14053"}],"curies":[{"name":"wp","href":"https:\/\/api.w.org\/{rel}","templated":true}]}}