{"id":14059,"date":"2022-12-23T11:30:25","date_gmt":"2022-12-23T14:30:25","guid":{"rendered":"http:\/\/dgospel.com.br\/portal\/?p=14059"},"modified":"2022-12-23T11:30:26","modified_gmt":"2022-12-23T14:30:26","slug":"desenvolvimento-regional-entregou-22-mil-obras-em-4-anos-de-governo-bolsonaro-diz-ministro","status":"publish","type":"post","link":"https:\/\/dgospel.com.br\/portal\/index.php\/2022\/12\/23\/desenvolvimento-regional-entregou-22-mil-obras-em-4-anos-de-governo-bolsonaro-diz-ministro\/","title":{"rendered":"Desenvolvimento Regional entregou 22 mil obras em 4 anos de Governo Bolsonaro, diz ministro"},"content":{"rendered":"\n<p>O Minist\u00e9rio do Desenvolvimento Regional entregou 22 mil obras em quatro anos, o que d\u00e1 uma m\u00e9dia de 15 obras por dia, que v\u00e3o desde pequenas obras de pavimenta\u00e7\u00e3o at\u00e9 grandes obras como a conclus\u00e3o da transposi\u00e7\u00e3o do Rio S\u00e3o Francisco e grandes obras de saneamento, disse o ministro da pasta Daniel Ferreira.&nbsp;<\/p>\n\n\n\n<p>Ferreira deu uma entrevista ao programa&nbsp;<em>A Voz do Brasil&nbsp;<\/em>onde fez um balan\u00e7o da atual gest\u00e3o do minist\u00e9rio.<img src=\"https:\/\/agenciabrasil.ebc.com.br\/ebc.png?id=1499623&amp;o=node\"><img src=\"https:\/\/agenciabrasil.ebc.com.br\/ebc.gif?id=1499623&amp;o=node\"><\/p>\n\n\n\n<p>Um dos destaques feitos por Ferreira foi a assinatura do Marco do Saneamento, que para ele representa uma solu\u00e7\u00e3o. \u201cA gente fala muito em 100 milh\u00f5es de pessoas sem esgoto, 35 milh\u00f5es sem \u00e1gua e 3 mil lix\u00f5es a c\u00e9u aberto no Brasil. A gente falava de resolver esses problemas s\u00f3 com obras p\u00fablicas, independente do cen\u00e1rio econ\u00f4mico, quanto o Poder P\u00fablico tem capacidade de investimento e quanto n\u00e3o tem, o volume n\u00e3o \u00e9 suficiente. N\u00e3o s\u00f3 volume, mas velocidade. Para ter velocidade de investimento a gente precisava, em um pa\u00eds t\u00e3o grande, de seguran\u00e7a jur\u00eddica para o investidor privado\u201d, disse.<\/p>\n\n\n\n<p>Segundo o ministro, com em dois anos de vig\u00eancia do Marco do Saneamento foi poss\u00edvel conseguir R$ 90 bilh\u00f5es em investimentos e outorgas, principalmente em concess\u00f5es de \u00e1gua e esgoto.&nbsp;<\/p>\n\n\n\n<p>Ferreira disse que o minist\u00e9rio entregou quase 650 obras de saneamento nestes quatro anos, das quais ele destacou o Sistema Produtor Corumb\u00e1, no Distrito Federal, a regionaliza\u00e7\u00e3o de 100% do Amap\u00e1 para concess\u00e3o de servi\u00e7os de \u00e1gua e esgoto e o encerramento do lix\u00e3o de Itacar\u00e9, na Bahia.<\/p>\n\n\n\n<p>O ministro tamb\u00e9m falou sobre a Defesa Civil Nacional, destacando o trabalho preventivo que \u00e9 feito. \u201cA Defesa Civil Nacional antes do per\u00edodo chuvoso, meses antes, ela se re\u00fane com as defesas civis estaduais e municipais e capacita os gestores locais para enfrentar aquela situa\u00e7\u00e3o que certamente vir\u00e1. Foram mais de 30 cursos e mais de 22 mil certifica\u00e7\u00f5es nesse per\u00edodo para fazer um trabalho pr\u00e9vio, capacitar as pessoas a lidarem com um momento dif\u00edcil naquela situa\u00e7\u00e3o.\u201d<\/p>\n\n\n\n<p>Ele tamb\u00e9m citou a emiss\u00e3o de alertas. \u201cA Defesa Civil Nacional muitas vezes se antecipa e avisa as [Defesas Civis] estaduais que o desastre est\u00e1 acontecendo, e a\u00ed sim, como \u00faltima medida, [acontece] o repasse de recursos.\u201d Em quatro anos, o minist\u00e9rio repassou mais de R$ 4,6 bilh\u00f5es para fazer a\u00e7\u00f5es de resposta a desastre e de reconstru\u00e7\u00e3o de infraestruturas.<\/p>\n\n\n\n<p>Gazeta Brasil<\/p>\n","protected":false},"excerpt":{"rendered":"<p>O Minist\u00e9rio do Desenvolvimento Regional entregou 22 mil obras em quatro anos, o que d\u00e1 uma m\u00e9dia de 15 obras por dia, que v\u00e3o desde pequenas obras de pavimenta\u00e7\u00e3o at\u00e9 grandes obras como a conclus\u00e3o da transposi\u00e7\u00e3o do Rio S\u00e3o Francisco e grandes obras de saneamento, disse o ministro da pasta Daniel Ferreira.&nbsp; Ferreira deu [&hellip;]<\/p>\n","protected":false},"author":2,"featured_media":14060,"comment_status":"open","ping_status":"open","sticky":false,"template":"","format":"standard","meta":[],"categories":[4],"tags":[13],"_links":{"self":[{"href":"https:\/\/dgospel.com.br\/portal\/index.php\/wp-json\/wp\/v2\/posts\/14059"}],"collection":[{"href":"https:\/\/dgospel.com.br\/portal\/index.php\/wp-json\/wp\/v2\/posts"}],"about":[{"href":"https:\/\/dgospel.com.br\/portal\/index.php\/wp-json\/wp\/v2\/types\/post"}],"author":[{"embeddable":true,"href":"https:\/\/dgospel.com.br\/portal\/index.php\/wp-json\/wp\/v2\/users\/2"}],"replies":[{"embeddable":true,"href":"https:\/\/dgospel.com.br\/portal\/index.php\/wp-json\/wp\/v2\/comments?post=14059"}],"version-history":[{"count":1,"href":"https:\/\/dgospel.com.br\/portal\/index.php\/wp-json\/wp\/v2\/posts\/14059\/revisions"}],"predecessor-version":[{"id":14061,"href":"https:\/\/dgospel.com.br\/portal\/index.php\/wp-json\/wp\/v2\/posts\/14059\/revisions\/14061"}],"wp:featuredmedia":[{"embeddable":true,"href":"https:\/\/dgospel.com.br\/portal\/index.php\/wp-json\/wp\/v2\/media\/14060"}],"wp:attachment":[{"href":"https:\/\/dgospel.com.br\/portal\/index.php\/wp-json\/wp\/v2\/media?parent=14059"}],"wp:term":[{"taxonomy":"category","embeddable":true,"href":"https:\/\/dgospel.com.br\/portal\/index.php\/wp-json\/wp\/v2\/categories?post=14059"},{"taxonomy":"post_tag","embeddable":true,"href":"https:\/\/dgospel.com.br\/portal\/index.php\/wp-json\/wp\/v2\/tags?post=14059"}],"curies":[{"name":"wp","href":"https:\/\/api.w.org\/{rel}","templated":true}]}}