{"id":14062,"date":"2022-12-23T11:39:01","date_gmt":"2022-12-23T14:39:01","guid":{"rendered":"http:\/\/dgospel.com.br\/portal\/?p=14062"},"modified":"2022-12-23T11:39:02","modified_gmt":"2022-12-23T14:39:02","slug":"gilmar-mendes-e-flavio-dino-almocam","status":"publish","type":"post","link":"https:\/\/dgospel.com.br\/portal\/index.php\/2022\/12\/23\/gilmar-mendes-e-flavio-dino-almocam\/","title":{"rendered":"Gilmar Mendes e Fl\u00e1vio Dino almo\u00e7am"},"content":{"rendered":"\n<p>O ministro Gilmar Mendes, do&nbsp;<a href=\"https:\/\/portal.stf.jus.br\/\" target=\"_blank\" rel=\"noreferrer noopener\"><strong>Supremo Tribunal Federal (STF)<\/strong><\/a>, e o futuro ministro da Justi\u00e7a, Fl\u00e1vio Dino (PSB-MA), almo\u00e7aram no restaurante Asbac, \u00e1rea nobre de Bras\u00edlia, na tarde da quinta-feira 22. N\u00e3o se sabe o teor da conversa.&nbsp;<strong>Oeste<\/strong>&nbsp;procurou a assessoria do juiz do STF e aguarda resposta.<\/p>\n\n\n\n<p>A reuni\u00e3o entre ambos ocorreu duas semanas depois de Dino revelar que cogita uma \u201cparceria\u201d com o STF para reprimir \u201catos antidemocr\u00e1ticos\u201d. O socialista teria acesso \u00e0s investiga\u00e7\u00f5es dos inqu\u00e9ritos sigilosos conduzidos pela Corte.<\/p>\n\n\n\n<p>No in\u00edcio desta semana, o futuro ministro da Justi\u00e7a&nbsp;<a href=\"https:\/\/revistaoeste.com\/politica\/pedir-sos-forcas-armadas-e-crime-afirma-flavio-dino\/\" target=\"_blank\" rel=\"noreferrer noopener\"><strong>amea\u00e7ou manifestantes<\/strong><\/a>&nbsp;que protestam contra a elei\u00e7\u00e3o de Lula (PT). Ele tamb\u00e9m&nbsp;disse que pedir \u201cS.O.S., For\u00e7as Armadas\u201d \u00e9 crime. \u201cEssa pessoa n\u00e3o s\u00f3 pode, como deve ser presa\u201d, disse o socialista, durante entrevista ao programa&nbsp;<em>Roda Viva<\/em>, da TV Cultura, ao ser interpelado sobre as manifesta\u00e7\u00f5es pac\u00edficas em frente a quart\u00e9is, que se op\u00f5em ao presidente eleito, Lula (PT).<\/p>\n\n\n\n<p>\u201cEst\u00e1 no C\u00f3digo Penal\u201d, complementou Dino, ao arrancar um sorriso do jornalista Felipe Fraz\u00e3o, do jornal&nbsp;<em>O Estado de S. Paulo<\/em>. \u201cN\u00f3s n\u00e3o estamos no governo ainda. O futuro ministro da Defesa, Jos\u00e9 M\u00facio, vai, com certeza, dialogar com as institui\u00e7\u00f5es, visando ao cumprimento da lei.\u201d<\/p>\n\n\n\n<p>Interpelado sobre manifesta\u00e7\u00f5es em \u00e1reas das For\u00e7as Armadas, protegidas por lei, disse que medidas judiciais podem ser cumpridas nesses locais. \u201cEu acredito no di\u00e1logo\u201d, disse Dino. \u201cMas, se falhar, cada dia a sua agonia.\u201d<\/p>\n","protected":false},"excerpt":{"rendered":"<p>O ministro Gilmar Mendes, do&nbsp;Supremo Tribunal Federal (STF), e o futuro ministro da Justi\u00e7a, Fl\u00e1vio Dino (PSB-MA), almo\u00e7aram no restaurante Asbac, \u00e1rea nobre de Bras\u00edlia, na tarde da quinta-feira 22. N\u00e3o se sabe o teor da conversa.&nbsp;Oeste&nbsp;procurou a assessoria do juiz do STF e aguarda resposta. A reuni\u00e3o entre ambos ocorreu duas semanas depois de [&hellip;]<\/p>\n","protected":false},"author":2,"featured_media":14063,"comment_status":"open","ping_status":"open","sticky":false,"template":"","format":"standard","meta":[],"categories":[10],"tags":[],"_links":{"self":[{"href":"https:\/\/dgospel.com.br\/portal\/index.php\/wp-json\/wp\/v2\/posts\/14062"}],"collection":[{"href":"https:\/\/dgospel.com.br\/portal\/index.php\/wp-json\/wp\/v2\/posts"}],"about":[{"href":"https:\/\/dgospel.com.br\/portal\/index.php\/wp-json\/wp\/v2\/types\/post"}],"author":[{"embeddable":true,"href":"https:\/\/dgospel.com.br\/portal\/index.php\/wp-json\/wp\/v2\/users\/2"}],"replies":[{"embeddable":true,"href":"https:\/\/dgospel.com.br\/portal\/index.php\/wp-json\/wp\/v2\/comments?post=14062"}],"version-history":[{"count":1,"href":"https:\/\/dgospel.com.br\/portal\/index.php\/wp-json\/wp\/v2\/posts\/14062\/revisions"}],"predecessor-version":[{"id":14064,"href":"https:\/\/dgospel.com.br\/portal\/index.php\/wp-json\/wp\/v2\/posts\/14062\/revisions\/14064"}],"wp:featuredmedia":[{"embeddable":true,"href":"https:\/\/dgospel.com.br\/portal\/index.php\/wp-json\/wp\/v2\/media\/14063"}],"wp:attachment":[{"href":"https:\/\/dgospel.com.br\/portal\/index.php\/wp-json\/wp\/v2\/media?parent=14062"}],"wp:term":[{"taxonomy":"category","embeddable":true,"href":"https:\/\/dgospel.com.br\/portal\/index.php\/wp-json\/wp\/v2\/categories?post=14062"},{"taxonomy":"post_tag","embeddable":true,"href":"https:\/\/dgospel.com.br\/portal\/index.php\/wp-json\/wp\/v2\/tags?post=14062"}],"curies":[{"name":"wp","href":"https:\/\/api.w.org\/{rel}","templated":true}]}}