{"id":14065,"date":"2022-12-26T09:37:59","date_gmt":"2022-12-26T12:37:59","guid":{"rendered":"http:\/\/dgospel.com.br\/portal\/?p=14065"},"modified":"2022-12-26T09:38:00","modified_gmt":"2022-12-26T12:38:00","slug":"china-proibe-divulgacao-de-infectados-pela-covid-19","status":"publish","type":"post","link":"https:\/\/dgospel.com.br\/portal\/index.php\/2022\/12\/26\/china-proibe-divulgacao-de-infectados-pela-covid-19\/","title":{"rendered":"China pro\u00edbe divulga\u00e7\u00e3o de infectados pela Covid-19"},"content":{"rendered":"\n<p>A Comiss\u00e3o Nacional de Sa\u00fade da China, que tem status de minist\u00e9rio, anunciou neste domingo, 25, que n\u00e3o vai mais divulgar os dados de infectados com a Covid-19 como acontecia no in\u00edcio de 2020.<\/p>\n\n\n\n<p>\u201cA partir de hoje, n\u00e3o publicaremos mais os dados di\u00e1rios sobre a epidemia\u201d, afirmou a Comiss\u00e3o Nacional de Sa\u00fade.<\/p>\n\n\n\n<p>O minist\u00e9rio n\u00e3o divulgou nenhuma explica\u00e7\u00e3o para a medida, mas h\u00e1 uma defasagem nos dados divulgados gerando fortes cr\u00edticas. Os dados n\u00e3o refletem a onda de cont\u00e1gios que afeta o pa\u00eds desde 7 dezembro.<\/p>\n\n\n\n<p>Na rede social Weibo, \u00fanica rede social permitida na China, uma pessoa escreveu: \u201cera o maior escrit\u00f3rio de fabrica\u00e7\u00e3o de estat\u00edsticas falsas do pa\u00eds\u201d, ap\u00f3s a decis\u00e3o da institui\u00e7\u00e3o ser divulgada.<\/p>\n\n\n\n<p>Antes, os exames que medem a Rea\u00e7\u00e3o em Cadeia da Polimerase (PCR), que eram obrigat\u00f3rios, permitiam monitorar a tend\u00eancia da epidemia. Atualmente, as pessoas infectadas fazem testes em casa e, na maioria das vezes, n\u00e3o comunicam os resultados \u00e0s autoridades locais.<\/p>\n\n\n\n<p>A falta de comunica\u00e7\u00e3o dos dados reais impossibilita a compila\u00e7\u00e3o de n\u00fameros confi\u00e1veis para divulga\u00e7\u00e3o e monitoramento.<\/p>\n\n\n\n<p>Outro fator que colocou em descredito os n\u00fameros divulgados pelas autoridades chinesas foi a nova metodologia adotada: apenas pessoas que morreram como v\u00edtimas diretas de insufici\u00eancia respirat\u00f3ria vinculada ao v\u00edrus s\u00e3o contabilizadas como \u00f3bitos por covid-19.<\/p>\n\n\n\n<p>A Comiss\u00e3o disse que o&nbsp;<a href=\"http:\/\/portuguese.xinhuanet.com\/\" target=\"_blank\" rel=\"noreferrer noopener\"><strong>Centro Chin\u00eas<\/strong><\/a>&nbsp;para o Controle e a Preven\u00e7\u00e3o de Doen\u00e7as (CDC) publicar\u00e1 informa\u00e7\u00f5es sobre a epidemia para possibilitar refer\u00eancias e pesquisas, mas n\u00e3o disponibilizar\u00e1 o n\u00famero de infectados.<\/p>\n\n\n\n<p>Os chineses, que denunciaram a discrep\u00e2ncia entre o n\u00edvel de cont\u00e1gios e as estat\u00edsticas, fizeram chacota com o an\u00fancio da Comiss\u00e3o.<\/p>\n\n\n\n<p>\u201cFinalmente acordaram e perceberam que n\u00e3o podem enganar as pessoas com n\u00fameros subestimados\u201d, escreveu um cidad\u00e3o no Weibo.<\/p>\n","protected":false},"excerpt":{"rendered":"<p>A Comiss\u00e3o Nacional de Sa\u00fade da China, que tem status de minist\u00e9rio, anunciou neste domingo, 25, que n\u00e3o vai mais divulgar os dados de infectados com a Covid-19 como acontecia no in\u00edcio de 2020. \u201cA partir de hoje, n\u00e3o publicaremos mais os dados di\u00e1rios sobre a epidemia\u201d, afirmou a Comiss\u00e3o Nacional de Sa\u00fade. O minist\u00e9rio [&hellip;]<\/p>\n","protected":false},"author":2,"featured_media":14066,"comment_status":"open","ping_status":"open","sticky":false,"template":"","format":"standard","meta":[],"categories":[16],"tags":[],"_links":{"self":[{"href":"https:\/\/dgospel.com.br\/portal\/index.php\/wp-json\/wp\/v2\/posts\/14065"}],"collection":[{"href":"https:\/\/dgospel.com.br\/portal\/index.php\/wp-json\/wp\/v2\/posts"}],"about":[{"href":"https:\/\/dgospel.com.br\/portal\/index.php\/wp-json\/wp\/v2\/types\/post"}],"author":[{"embeddable":true,"href":"https:\/\/dgospel.com.br\/portal\/index.php\/wp-json\/wp\/v2\/users\/2"}],"replies":[{"embeddable":true,"href":"https:\/\/dgospel.com.br\/portal\/index.php\/wp-json\/wp\/v2\/comments?post=14065"}],"version-history":[{"count":1,"href":"https:\/\/dgospel.com.br\/portal\/index.php\/wp-json\/wp\/v2\/posts\/14065\/revisions"}],"predecessor-version":[{"id":14067,"href":"https:\/\/dgospel.com.br\/portal\/index.php\/wp-json\/wp\/v2\/posts\/14065\/revisions\/14067"}],"wp:featuredmedia":[{"embeddable":true,"href":"https:\/\/dgospel.com.br\/portal\/index.php\/wp-json\/wp\/v2\/media\/14066"}],"wp:attachment":[{"href":"https:\/\/dgospel.com.br\/portal\/index.php\/wp-json\/wp\/v2\/media?parent=14065"}],"wp:term":[{"taxonomy":"category","embeddable":true,"href":"https:\/\/dgospel.com.br\/portal\/index.php\/wp-json\/wp\/v2\/categories?post=14065"},{"taxonomy":"post_tag","embeddable":true,"href":"https:\/\/dgospel.com.br\/portal\/index.php\/wp-json\/wp\/v2\/tags?post=14065"}],"curies":[{"name":"wp","href":"https:\/\/api.w.org\/{rel}","templated":true}]}}