{"id":14071,"date":"2022-12-26T11:11:21","date_gmt":"2022-12-26T14:11:21","guid":{"rendered":"http:\/\/dgospel.com.br\/portal\/?p=14071"},"modified":"2022-12-26T11:11:23","modified_gmt":"2022-12-26T14:11:23","slug":"humorista-tocantinense-faz-piada-nefasta-envolvendo-luciano-hang","status":"publish","type":"post","link":"https:\/\/dgospel.com.br\/portal\/index.php\/2022\/12\/26\/humorista-tocantinense-faz-piada-nefasta-envolvendo-luciano-hang\/","title":{"rendered":"Humorista tocantinense faz piada nefasta envolvendo Luciano Hang"},"content":{"rendered":"\n<p>O ator tocantinense, Paulo Vieira gerou pol\u00eamica nas redes ap\u00f3s comentar sobre a&nbsp;novela&nbsp;Pantanal durante o pr\u00eamio \u201cMelhores do Ano\u201d, no Doming\u00e3o com&nbsp;Huck&nbsp;exibido neste domingo (25). Em tom de deboche o humorista falou: \u201cQue Deus \u00e9 esse que&nbsp;leva&nbsp;o V\u00e9io do Rio e deixa o V\u00e9io da Havan? Eu fiquei chateado\u201d.<\/p>\n\n\n\n<p>Em meio a gargalhadas de artistas, o humorista fez uma piada nefasta envolvendo Luciano Hang, um empres\u00e1rio vencedor, grande empreendedor, que vira motivo do malfadado \u2018\u00f3dio do bem\u2019 s\u00f3 porque tem uma vis\u00e3o pol\u00edtica diferente da patota esquerdista da Rede Globo.<\/p>\n\n\n\n<p>Um verdadeiro desrespeito a um bem-sucedido empres\u00e1rio que muito contribui com o pa\u00eds.<\/p>\n\n\n\n<p><\/p>\n\n\n\n<figure class=\"wp-block-image size-full\"><img loading=\"lazy\" width=\"526\" height=\"436\" src=\"http:\/\/dgospel.com.br\/portal\/wp-content\/uploads\/2022\/12\/0000-2.jpg\" alt=\"\" class=\"wp-image-14072\" srcset=\"https:\/\/dgospel.com.br\/portal\/wp-content\/uploads\/2022\/12\/0000-2.jpg 526w, https:\/\/dgospel.com.br\/portal\/wp-content\/uploads\/2022\/12\/0000-2-300x249.jpg 300w\" sizes=\"(max-width: 526px) 100vw, 526px\" \/><\/figure>\n\n\n\n<p><\/p>\n\n\n\n<figure class=\"wp-block-image size-full\"><img loading=\"lazy\" width=\"560\" height=\"293\" src=\"http:\/\/dgospel.com.br\/portal\/wp-content\/uploads\/2022\/12\/000000-1.jpg\" alt=\"\" class=\"wp-image-14073\" srcset=\"https:\/\/dgospel.com.br\/portal\/wp-content\/uploads\/2022\/12\/000000-1.jpg 560w, https:\/\/dgospel.com.br\/portal\/wp-content\/uploads\/2022\/12\/000000-1-300x157.jpg 300w\" sizes=\"(max-width: 560px) 100vw, 560px\" \/><\/figure>\n\n\n\n<p><\/p>\n\n\n\n<figure class=\"wp-block-image size-full\"><img loading=\"lazy\" width=\"597\" height=\"400\" src=\"http:\/\/dgospel.com.br\/portal\/wp-content\/uploads\/2022\/12\/00000000-1.jpg\" alt=\"\" class=\"wp-image-14074\" srcset=\"https:\/\/dgospel.com.br\/portal\/wp-content\/uploads\/2022\/12\/00000000-1.jpg 597w, https:\/\/dgospel.com.br\/portal\/wp-content\/uploads\/2022\/12\/00000000-1-300x201.jpg 300w\" sizes=\"(max-width: 597px) 100vw, 597px\" \/><\/figure>\n\n\n\n<figure class=\"wp-block-embed is-type-video is-provider-youtube wp-block-embed-youtube wp-embed-aspect-16-9 wp-has-aspect-ratio\"><div class=\"wp-block-embed__wrapper\">\n<iframe loading=\"lazy\" title=\"Em meio a gargalhadas de Globais &#039;humorista&#039; faz piada nefasta com Luciano Hang\" width=\"630\" height=\"354\" src=\"https:\/\/www.youtube.com\/embed\/sZ9XlIHoX6k?feature=oembed\" frameborder=\"0\" allow=\"accelerometer; autoplay; clipboard-write; encrypted-media; gyroscope; picture-in-picture\" allowfullscreen><\/iframe>\n<\/div><\/figure>\n","protected":false},"excerpt":{"rendered":"<p>O ator tocantinense, Paulo Vieira gerou pol\u00eamica nas redes ap\u00f3s comentar sobre a&nbsp;novela&nbsp;Pantanal durante o pr\u00eamio \u201cMelhores do Ano\u201d, no Doming\u00e3o com&nbsp;Huck&nbsp;exibido neste domingo (25). Em tom de deboche o humorista falou: \u201cQue Deus \u00e9 esse que&nbsp;leva&nbsp;o V\u00e9io do Rio e deixa o V\u00e9io da Havan? Eu fiquei chateado\u201d. Em meio a gargalhadas de artistas, [&hellip;]<\/p>\n","protected":false},"author":2,"featured_media":14075,"comment_status":"open","ping_status":"open","sticky":false,"template":"","format":"standard","meta":[],"categories":[10],"tags":[],"_links":{"self":[{"href":"https:\/\/dgospel.com.br\/portal\/index.php\/wp-json\/wp\/v2\/posts\/14071"}],"collection":[{"href":"https:\/\/dgospel.com.br\/portal\/index.php\/wp-json\/wp\/v2\/posts"}],"about":[{"href":"https:\/\/dgospel.com.br\/portal\/index.php\/wp-json\/wp\/v2\/types\/post"}],"author":[{"embeddable":true,"href":"https:\/\/dgospel.com.br\/portal\/index.php\/wp-json\/wp\/v2\/users\/2"}],"replies":[{"embeddable":true,"href":"https:\/\/dgospel.com.br\/portal\/index.php\/wp-json\/wp\/v2\/comments?post=14071"}],"version-history":[{"count":1,"href":"https:\/\/dgospel.com.br\/portal\/index.php\/wp-json\/wp\/v2\/posts\/14071\/revisions"}],"predecessor-version":[{"id":14076,"href":"https:\/\/dgospel.com.br\/portal\/index.php\/wp-json\/wp\/v2\/posts\/14071\/revisions\/14076"}],"wp:featuredmedia":[{"embeddable":true,"href":"https:\/\/dgospel.com.br\/portal\/index.php\/wp-json\/wp\/v2\/media\/14075"}],"wp:attachment":[{"href":"https:\/\/dgospel.com.br\/portal\/index.php\/wp-json\/wp\/v2\/media?parent=14071"}],"wp:term":[{"taxonomy":"category","embeddable":true,"href":"https:\/\/dgospel.com.br\/portal\/index.php\/wp-json\/wp\/v2\/categories?post=14071"},{"taxonomy":"post_tag","embeddable":true,"href":"https:\/\/dgospel.com.br\/portal\/index.php\/wp-json\/wp\/v2\/tags?post=14071"}],"curies":[{"name":"wp","href":"https:\/\/api.w.org\/{rel}","templated":true}]}}