{"id":14086,"date":"2022-12-27T11:06:48","date_gmt":"2022-12-27T14:06:48","guid":{"rendered":"http:\/\/dgospel.com.br\/portal\/?p=14086"},"modified":"2022-12-27T11:06:49","modified_gmt":"2022-12-27T14:06:49","slug":"lula-quer-colocar-vermelho-em-logomarca-do-governo-brasileiro","status":"publish","type":"post","link":"https:\/\/dgospel.com.br\/portal\/index.php\/2022\/12\/27\/lula-quer-colocar-vermelho-em-logomarca-do-governo-brasileiro\/","title":{"rendered":"Lula quer colocar vermelho em logomarca do governo brasileiro"},"content":{"rendered":"\n<p>Os marqueteiros da equipe de\u00a0<a rel=\"noreferrer noopener\" href=\"https:\/\/twitter.com\/LulaOficial\" target=\"_blank\"><strong>Lula<\/strong>\u00a0<\/a>pretendem criar uma nova logomarca para a gest\u00e3o petista com a cor vermelha. Nesta segunda-feira 26, come\u00e7ou a circular nas redes sociais uma imagem que traz o slogan \u201cGoverno Federal \u2013 Uni\u00e3o e Reconstru\u00e7\u00e3o\u201d como poss\u00edvel o novo lema da gest\u00e3o. A palavra Brasil aparece com as cores da bandeira nacional, al\u00e9m de conter pequenas partes nas cores vermelho e cinza.<\/p>\n\n\n\n<p>Segundo o jornal\u00a0<em>O Globo<\/em>, Lula ainda n\u00e3o definiu qual ser\u00e1 a marca escolhida para representar sua terceira gest\u00e3o. \u00c9 uma tradi\u00e7\u00e3o que cada presidente escolha um slogan para seu mandato. Geralmente, o lema resume o objetivo da administra\u00e7\u00e3o de cada chefe do Executivo. A ex-presidente Dilma Roussef adotou \u201cBrasil, P\u00e1tria Educadora\u201d; j\u00e1 seu sucessor, Michel Temer, preferiu \u201cOrdem e Progresso\u201d. O presidente Jair Bolsonaro optou por \u201cP\u00e1tria Amada Brasil\u201d.<\/p>\n\n\n\n<p><\/p>\n\n\n\n<figure class=\"wp-block-image size-full\"><img loading=\"lazy\" width=\"558\" height=\"386\" src=\"http:\/\/dgospel.com.br\/portal\/wp-content\/uploads\/2022\/12\/0000000000000000000-2.jpg\" alt=\"\" class=\"wp-image-14088\" srcset=\"https:\/\/dgospel.com.br\/portal\/wp-content\/uploads\/2022\/12\/0000000000000000000-2.jpg 558w, https:\/\/dgospel.com.br\/portal\/wp-content\/uploads\/2022\/12\/0000000000000000000-2-300x208.jpg 300w, https:\/\/dgospel.com.br\/portal\/wp-content\/uploads\/2022\/12\/0000000000000000000-2-338x234.jpg 338w\" sizes=\"(max-width: 558px) 100vw, 558px\" \/><\/figure>\n","protected":false},"excerpt":{"rendered":"<p>Os marqueteiros da equipe de\u00a0Lula\u00a0pretendem criar uma nova logomarca para a gest\u00e3o petista com a cor vermelha. Nesta segunda-feira 26, come\u00e7ou a circular nas redes sociais uma imagem que traz o slogan \u201cGoverno Federal \u2013 Uni\u00e3o e Reconstru\u00e7\u00e3o\u201d como poss\u00edvel o novo lema da gest\u00e3o. A palavra Brasil aparece com as cores da bandeira nacional, [&hellip;]<\/p>\n","protected":false},"author":2,"featured_media":14089,"comment_status":"open","ping_status":"open","sticky":false,"template":"","format":"standard","meta":[],"categories":[4],"tags":[13],"_links":{"self":[{"href":"https:\/\/dgospel.com.br\/portal\/index.php\/wp-json\/wp\/v2\/posts\/14086"}],"collection":[{"href":"https:\/\/dgospel.com.br\/portal\/index.php\/wp-json\/wp\/v2\/posts"}],"about":[{"href":"https:\/\/dgospel.com.br\/portal\/index.php\/wp-json\/wp\/v2\/types\/post"}],"author":[{"embeddable":true,"href":"https:\/\/dgospel.com.br\/portal\/index.php\/wp-json\/wp\/v2\/users\/2"}],"replies":[{"embeddable":true,"href":"https:\/\/dgospel.com.br\/portal\/index.php\/wp-json\/wp\/v2\/comments?post=14086"}],"version-history":[{"count":1,"href":"https:\/\/dgospel.com.br\/portal\/index.php\/wp-json\/wp\/v2\/posts\/14086\/revisions"}],"predecessor-version":[{"id":14090,"href":"https:\/\/dgospel.com.br\/portal\/index.php\/wp-json\/wp\/v2\/posts\/14086\/revisions\/14090"}],"wp:featuredmedia":[{"embeddable":true,"href":"https:\/\/dgospel.com.br\/portal\/index.php\/wp-json\/wp\/v2\/media\/14089"}],"wp:attachment":[{"href":"https:\/\/dgospel.com.br\/portal\/index.php\/wp-json\/wp\/v2\/media?parent=14086"}],"wp:term":[{"taxonomy":"category","embeddable":true,"href":"https:\/\/dgospel.com.br\/portal\/index.php\/wp-json\/wp\/v2\/categories?post=14086"},{"taxonomy":"post_tag","embeddable":true,"href":"https:\/\/dgospel.com.br\/portal\/index.php\/wp-json\/wp\/v2\/tags?post=14086"}],"curies":[{"name":"wp","href":"https:\/\/api.w.org\/{rel}","templated":true}]}}