{"id":1409,"date":"2018-09-22T09:28:46","date_gmt":"2018-09-22T12:28:46","guid":{"rendered":"http:\/\/dgospel.com.br\/portal\/?p=1409"},"modified":"2018-09-22T09:28:46","modified_gmt":"2018-09-22T12:28:46","slug":"pastor-paulo-martins-declara-apoio-a-candidatura-de-eduardo-gomes-ao-senado","status":"publish","type":"post","link":"https:\/\/dgospel.com.br\/portal\/index.php\/2018\/09\/22\/pastor-paulo-martins-declara-apoio-a-candidatura-de-eduardo-gomes-ao-senado\/","title":{"rendered":"Pastor Paulo Martins declara apoio \u00e0 candidatura de Eduardo Gomes ao Senado"},"content":{"rendered":"<p><img loading=\"lazy\" class=\"alignnone size-medium wp-image-1411\" src=\"http:\/\/dgospel.com.br\/portal\/wp-content\/uploads\/2018\/09\/GomesPrPauloMartins-1-300x200.jpeg\" alt=\"\" width=\"300\" height=\"200\" srcset=\"https:\/\/dgospel.com.br\/portal\/wp-content\/uploads\/2018\/09\/GomesPrPauloMartins-1-300x200.jpeg 300w, https:\/\/dgospel.com.br\/portal\/wp-content\/uploads\/2018\/09\/GomesPrPauloMartins-1-768x512.jpeg 768w, https:\/\/dgospel.com.br\/portal\/wp-content\/uploads\/2018\/09\/GomesPrPauloMartins-1-1024x682.jpeg 1024w, https:\/\/dgospel.com.br\/portal\/wp-content\/uploads\/2018\/09\/GomesPrPauloMartins-1.jpeg 1280w\" sizes=\"(max-width: 300px) 100vw, 300px\" \/>O presidente da Conven\u00e7\u00e3o Interestadual das Assembleias de Deus do Seta, \u00a0Servi\u00e7os de Evangeliza\u00e7\u00e3o da Regi\u00e3o do Tocantins e Araguaia (Ciadseta), pastor Paulo Martins Neto, que tamb\u00e9m \u00e9 presidente da Assembleia de Deus em Aragua\u00edna,\u00a0declarou apoio \u00e0 candidatura a senador do ex-deputado federal Eduardo Gomes (SD). O pastor gravou mensagem aos membros da conven\u00e7\u00e3o, em que afirma que Gomes \u201cfoi um excelente deputado\u201d e que ajudou a bancada evang\u00e9lica no Congresso Nacional.<\/p>\n<p>\u201cAgora ele vai para o Senado Federal. Precisamos botar o p\u00e9 na estrada, visitar os nossos irm\u00e3os. Estamos conclamando nossos irm\u00e3os do Tocantins: vamos dar as m\u00e3os, vamos nos unir, vamos eleger o nosso companheiro para o Senado Federal\u201d, pediu Martins na<\/p>\n","protected":false},"excerpt":{"rendered":"<p>O presidente da Conven\u00e7\u00e3o Interestadual das Assembleias de Deus do Seta, \u00a0Servi\u00e7os de Evangeliza\u00e7\u00e3o da Regi\u00e3o do Tocantins e Araguaia (Ciadseta), pastor Paulo Martins Neto, que tamb\u00e9m \u00e9 presidente da Assembleia de Deus em Aragua\u00edna,\u00a0declarou apoio \u00e0 candidatura a senador do ex-deputado federal Eduardo Gomes (SD). O pastor gravou mensagem aos membros da conven\u00e7\u00e3o, em [&hellip;]<\/p>\n","protected":false},"author":2,"featured_media":1410,"comment_status":"open","ping_status":"open","sticky":false,"template":"","format":"standard","meta":[],"categories":[2,4],"tags":[],"_links":{"self":[{"href":"https:\/\/dgospel.com.br\/portal\/index.php\/wp-json\/wp\/v2\/posts\/1409"}],"collection":[{"href":"https:\/\/dgospel.com.br\/portal\/index.php\/wp-json\/wp\/v2\/posts"}],"about":[{"href":"https:\/\/dgospel.com.br\/portal\/index.php\/wp-json\/wp\/v2\/types\/post"}],"author":[{"embeddable":true,"href":"https:\/\/dgospel.com.br\/portal\/index.php\/wp-json\/wp\/v2\/users\/2"}],"replies":[{"embeddable":true,"href":"https:\/\/dgospel.com.br\/portal\/index.php\/wp-json\/wp\/v2\/comments?post=1409"}],"version-history":[{"count":1,"href":"https:\/\/dgospel.com.br\/portal\/index.php\/wp-json\/wp\/v2\/posts\/1409\/revisions"}],"predecessor-version":[{"id":1412,"href":"https:\/\/dgospel.com.br\/portal\/index.php\/wp-json\/wp\/v2\/posts\/1409\/revisions\/1412"}],"wp:featuredmedia":[{"embeddable":true,"href":"https:\/\/dgospel.com.br\/portal\/index.php\/wp-json\/wp\/v2\/media\/1410"}],"wp:attachment":[{"href":"https:\/\/dgospel.com.br\/portal\/index.php\/wp-json\/wp\/v2\/media?parent=1409"}],"wp:term":[{"taxonomy":"category","embeddable":true,"href":"https:\/\/dgospel.com.br\/portal\/index.php\/wp-json\/wp\/v2\/categories?post=1409"},{"taxonomy":"post_tag","embeddable":true,"href":"https:\/\/dgospel.com.br\/portal\/index.php\/wp-json\/wp\/v2\/tags?post=1409"}],"curies":[{"name":"wp","href":"https:\/\/api.w.org\/{rel}","templated":true}]}}