{"id":14091,"date":"2022-12-27T11:12:50","date_gmt":"2022-12-27T14:12:50","guid":{"rendered":"http:\/\/dgospel.com.br\/portal\/?p=14091"},"modified":"2022-12-27T11:12:51","modified_gmt":"2022-12-27T14:12:51","slug":"bolsonaro-publica-no-diario-oficial-novos-assessores-para-2023","status":"publish","type":"post","link":"https:\/\/dgospel.com.br\/portal\/index.php\/2022\/12\/27\/bolsonaro-publica-no-diario-oficial-novos-assessores-para-2023\/","title":{"rendered":"Bolsonaro publica, no Di\u00e1rio Oficial, novos assessores para 2023"},"content":{"rendered":"\n<p>O Di\u00e1rio Oficial da Uni\u00e3o publicou, nesta ter\u00e7a-feira (27), a nomea\u00e7\u00e3o dos assessores que ir\u00e3o acompanhar o presidente Jair Bolsonaro em 2023.<\/p>\n\n\n\n<p>Segundo a publica\u00e7\u00e3o oficial, o advogado e assessor-chefe da Presid\u00eancia, Jo\u00e3o Henrique Nascimento de Freitas, o capit\u00e3o da reserva e assessor especial da Presid\u00eancia S\u00e9rgio Rocha Cordeiro e o primeiro-sargento da Pol\u00edcia Militar do Rio de Janeiro Max Guilherme Machado de Moura, que j\u00e1 integrou a equipe de seguran\u00e7a de Bolsonaro, constam na lista de assessores.<\/p>\n\n\n\n<p>Os segundos-tenentes do Ex\u00e9rcito Osmar Crivelatti e Jossando da Silva, o segundo-sargento do Ex\u00e9rcito Est\u00e1cio Leite da Silva Filho, o suboficial da Marinha Ricardo Dias dos Santos e o coronel Marcelo Costa C\u00e2mara, apontado como chefe do \u201cservi\u00e7o paralelo\u201d de intelig\u00eancia de Bolsonaro, tamb\u00e9m figuram na lista.<\/p>\n","protected":false},"excerpt":{"rendered":"<p>O Di\u00e1rio Oficial da Uni\u00e3o publicou, nesta ter\u00e7a-feira (27), a nomea\u00e7\u00e3o dos assessores que ir\u00e3o acompanhar o presidente Jair Bolsonaro em 2023. Segundo a publica\u00e7\u00e3o oficial, o advogado e assessor-chefe da Presid\u00eancia, Jo\u00e3o Henrique Nascimento de Freitas, o capit\u00e3o da reserva e assessor especial da Presid\u00eancia S\u00e9rgio Rocha Cordeiro e o primeiro-sargento da Pol\u00edcia Militar [&hellip;]<\/p>\n","protected":false},"author":2,"featured_media":14092,"comment_status":"open","ping_status":"open","sticky":false,"template":"","format":"standard","meta":[],"categories":[4],"tags":[13],"_links":{"self":[{"href":"https:\/\/dgospel.com.br\/portal\/index.php\/wp-json\/wp\/v2\/posts\/14091"}],"collection":[{"href":"https:\/\/dgospel.com.br\/portal\/index.php\/wp-json\/wp\/v2\/posts"}],"about":[{"href":"https:\/\/dgospel.com.br\/portal\/index.php\/wp-json\/wp\/v2\/types\/post"}],"author":[{"embeddable":true,"href":"https:\/\/dgospel.com.br\/portal\/index.php\/wp-json\/wp\/v2\/users\/2"}],"replies":[{"embeddable":true,"href":"https:\/\/dgospel.com.br\/portal\/index.php\/wp-json\/wp\/v2\/comments?post=14091"}],"version-history":[{"count":1,"href":"https:\/\/dgospel.com.br\/portal\/index.php\/wp-json\/wp\/v2\/posts\/14091\/revisions"}],"predecessor-version":[{"id":14093,"href":"https:\/\/dgospel.com.br\/portal\/index.php\/wp-json\/wp\/v2\/posts\/14091\/revisions\/14093"}],"wp:featuredmedia":[{"embeddable":true,"href":"https:\/\/dgospel.com.br\/portal\/index.php\/wp-json\/wp\/v2\/media\/14092"}],"wp:attachment":[{"href":"https:\/\/dgospel.com.br\/portal\/index.php\/wp-json\/wp\/v2\/media?parent=14091"}],"wp:term":[{"taxonomy":"category","embeddable":true,"href":"https:\/\/dgospel.com.br\/portal\/index.php\/wp-json\/wp\/v2\/categories?post=14091"},{"taxonomy":"post_tag","embeddable":true,"href":"https:\/\/dgospel.com.br\/portal\/index.php\/wp-json\/wp\/v2\/tags?post=14091"}],"curies":[{"name":"wp","href":"https:\/\/api.w.org\/{rel}","templated":true}]}}