{"id":14094,"date":"2022-12-27T11:35:23","date_gmt":"2022-12-27T14:35:23","guid":{"rendered":"http:\/\/dgospel.com.br\/portal\/?p=14094"},"modified":"2022-12-27T11:35:25","modified_gmt":"2022-12-27T14:35:25","slug":"ministro-ciro-nogueira-critica-humorista-tocantinense-por-desejar-morte-de-hang","status":"publish","type":"post","link":"https:\/\/dgospel.com.br\/portal\/index.php\/2022\/12\/27\/ministro-ciro-nogueira-critica-humorista-tocantinense-por-desejar-morte-de-hang\/","title":{"rendered":"Ministro Ciro Nogueira critica humorista tocantinense por desejar morte de Hang"},"content":{"rendered":"\n<p>O ministro-chefe da Casa Civil,\u00a0<a rel=\"noreferrer noopener\" href=\"http:\/\/pleno.news\/tag\/ciro-nogueira\" target=\"_blank\">Ciro Nogueira<\/a>, criticou nesta segunda-feira (26) o humorista tocantinense, Paulo Vieira, por causa de uma piada feita por ele na edi\u00e7\u00e3o do \u00faltimo domingo (25) do programa\u00a0<em>Doming\u00e3o com Huck<\/em>, da\u00a0<a rel=\"noreferrer noopener\" href=\"http:\/\/pleno.news\/tag\/tv-globo\" target=\"_blank\">TV Globo<\/a>, envolvendo o empres\u00e1rio Luciano Hang, dono das Lojas Havan. Na ocasi\u00e3o, Vieira disse: \u201cQue Deus \u00e9 esse que leva o V\u00e9io do Rio e deixa o V\u00e9io da Havan?\u201d.<\/p>\n\n\n\n<p>Em seu perfil no Twitter, Nogueira questionou a falta de empatia de Vieira com a figura de Hang e indagou que o fato aconteceu \u201ccom o sil\u00eancio de enxofre dos que se dizem do bem\u201d.<\/p>\n\n\n\n<p>\u2013 Que humor \u00e9 esse que acha engra\u00e7ada a morte de um criador de empregos e tem empatia com personagens de fic\u00e7\u00e3o e nenhuma com um ser humano? E tudo isso com o sil\u00eancio de enxofre dos que se dizem \u201cdo bem\u201d. Vergonha alheia \u2013 escreveu Ciro.<\/p>\n\n\n\n<p>A piada do humorista sobre Hang aconteceu durante a entrega da premia\u00e7\u00e3o\u00a0<em>Melhores do Ano,<\/em>\u00a0realizada dentro do programa apresentado por Luciano Huck na TV Globo. A atra\u00e7\u00e3o ficou marcada, inclusive, por diversos momentos pol\u00eamicos. Em um deles, Vieira e o tamb\u00e9m humorista F\u00e1bio Porchat\u00a0<a rel=\"noreferrer noopener\" href=\"https:\/\/pleno.news\/entretenimento\/tv\/porchat-e-vieira-ironizam-apoiadores-de-bolsonaro-ao-perderem-premio-da-globo.html\" target=\"_blank\">ironizaram as manifesta\u00e7\u00f5es<\/a>\u00a0dos apoiadores do presidente Jair Bolsonaro (PL).<\/p>\n\n\n\n<p>Quem tamb\u00e9m foi alvo da dupla de comediantes durante o programa foi a influenciadora Gkay, que acabou sendo ridicularizada com diversas piadas envolvendo seu nome. Em um dos momentos, F\u00e1bio Porchat sugeriu que o apresentador J\u00f4 Soares teria preferido morrer a entrevista Gkay.<\/p>\n\n\n\n<p>\u2013 Eu olho o J\u00f4 [Soares] e fico imaginando o que ele faria com uma Gkay na frente dele, n\u00e9, Tat\u00e1? Foi por isso que, \u00e0s vezes, ele preferiu nos deixar \u2013 disse o humorista.<\/p>\n\n\n\n<p><\/p>\n\n\n\n<figure class=\"wp-block-image size-large\"><img loading=\"lazy\" width=\"788\" height=\"1024\" src=\"http:\/\/dgospel.com.br\/portal\/wp-content\/uploads\/2022\/12\/0000000000000000000000000000-1-788x1024.jpg\" alt=\"\" class=\"wp-image-14095\" srcset=\"https:\/\/dgospel.com.br\/portal\/wp-content\/uploads\/2022\/12\/0000000000000000000000000000-1-788x1024.jpg 788w, https:\/\/dgospel.com.br\/portal\/wp-content\/uploads\/2022\/12\/0000000000000000000000000000-1-231x300.jpg 231w, https:\/\/dgospel.com.br\/portal\/wp-content\/uploads\/2022\/12\/0000000000000000000000000000-1-768x998.jpg 768w, https:\/\/dgospel.com.br\/portal\/wp-content\/uploads\/2022\/12\/0000000000000000000000000000-1.jpg 1080w\" sizes=\"(max-width: 788px) 100vw, 788px\" \/><\/figure>\n","protected":false},"excerpt":{"rendered":"<p>O ministro-chefe da Casa Civil,\u00a0Ciro Nogueira, criticou nesta segunda-feira (26) o humorista tocantinense, Paulo Vieira, por causa de uma piada feita por ele na edi\u00e7\u00e3o do \u00faltimo domingo (25) do programa\u00a0Doming\u00e3o com Huck, da\u00a0TV Globo, envolvendo o empres\u00e1rio Luciano Hang, dono das Lojas Havan. Na ocasi\u00e3o, Vieira disse: \u201cQue Deus \u00e9 esse que leva o [&hellip;]<\/p>\n","protected":false},"author":2,"featured_media":14096,"comment_status":"open","ping_status":"open","sticky":false,"template":"","format":"standard","meta":[],"categories":[10],"tags":[],"_links":{"self":[{"href":"https:\/\/dgospel.com.br\/portal\/index.php\/wp-json\/wp\/v2\/posts\/14094"}],"collection":[{"href":"https:\/\/dgospel.com.br\/portal\/index.php\/wp-json\/wp\/v2\/posts"}],"about":[{"href":"https:\/\/dgospel.com.br\/portal\/index.php\/wp-json\/wp\/v2\/types\/post"}],"author":[{"embeddable":true,"href":"https:\/\/dgospel.com.br\/portal\/index.php\/wp-json\/wp\/v2\/users\/2"}],"replies":[{"embeddable":true,"href":"https:\/\/dgospel.com.br\/portal\/index.php\/wp-json\/wp\/v2\/comments?post=14094"}],"version-history":[{"count":1,"href":"https:\/\/dgospel.com.br\/portal\/index.php\/wp-json\/wp\/v2\/posts\/14094\/revisions"}],"predecessor-version":[{"id":14097,"href":"https:\/\/dgospel.com.br\/portal\/index.php\/wp-json\/wp\/v2\/posts\/14094\/revisions\/14097"}],"wp:featuredmedia":[{"embeddable":true,"href":"https:\/\/dgospel.com.br\/portal\/index.php\/wp-json\/wp\/v2\/media\/14096"}],"wp:attachment":[{"href":"https:\/\/dgospel.com.br\/portal\/index.php\/wp-json\/wp\/v2\/media?parent=14094"}],"wp:term":[{"taxonomy":"category","embeddable":true,"href":"https:\/\/dgospel.com.br\/portal\/index.php\/wp-json\/wp\/v2\/categories?post=14094"},{"taxonomy":"post_tag","embeddable":true,"href":"https:\/\/dgospel.com.br\/portal\/index.php\/wp-json\/wp\/v2\/tags?post=14094"}],"curies":[{"name":"wp","href":"https:\/\/api.w.org\/{rel}","templated":true}]}}