{"id":14113,"date":"2022-12-28T15:05:29","date_gmt":"2022-12-28T18:05:29","guid":{"rendered":"http:\/\/dgospel.com.br\/portal\/?p=14113"},"modified":"2022-12-28T15:05:30","modified_gmt":"2022-12-28T18:05:30","slug":"moraes-proibe-posse-de-armas-no-df-durante-posse-de-lula","status":"publish","type":"post","link":"https:\/\/dgospel.com.br\/portal\/index.php\/2022\/12\/28\/moraes-proibe-posse-de-armas-no-df-durante-posse-de-lula\/","title":{"rendered":"Moraes pro\u00edbe posse de armas no DF durante posse de Lula"},"content":{"rendered":"\n<p>O ministro Alexandre de Moraes, do Supremo Tribunal Federal (STF), determinou a restri\u00e7\u00e3o tempor\u00e1ria do porte de armas de fogo no territ\u00f3rio do Distrito Federal, a partir das 18h de hoje (28) at\u00e9 o pr\u00f3ximo dia 2 de janeiro.<\/p>\n\n\n\n<p>A decis\u00e3o pesa sobre \u201ctodas as esp\u00e9cies de porte de armas, bem como do transporte de armas e muni\u00e7\u00f5es por colecionadores, atiradores e ca\u00e7adores\u201d, escreveu Moraes. Quem desrespeitar a ordem dever\u00e1 ser preso em flagrante por porte ilegal de armas, ordenou o ministro.<\/p>\n\n\n\n<p>Ele atendeu a pedido formulado pela Pol\u00edcia Federal, que apontou necessidade de garantir a ordem p\u00fablica ap\u00f3s atos extremistas praticados por pessoas que n\u00e3o aceitam o resultado da elei\u00e7\u00e3o presidencial.<\/p>\n\n\n\n<p>Ontem (28), o futuro ministro da Justi\u00e7a e Seguran\u00e7a P\u00fablica, Fl\u00e1vio Dino, disse que tamb\u00e9m pediria ao Supremo a suspens\u00e3o do porte de armas durante a posse do presidente eleito Luiz In\u00e1cio Lula da Silva, marcada para 1\u00ba de janeiro.<\/p>\n\n\n\n<p>Na solicita\u00e7\u00e3o, a PF apontou para inqu\u00e9ritos que apuram o financiamento e a execu\u00e7\u00e3o de atos violentos por grupos extremistas, bem como a atua\u00e7\u00e3o de mil\u00edcias digitais que insuflam eleitores por meio da distribui\u00e7\u00e3o de not\u00edcias falsas e desinforma\u00e7\u00e3o.<\/p>\n\n\n\n<p>A PF descreveu no pedido o ataque \u00e0 sede da pr\u00f3pria institui\u00e7\u00e3o, ap\u00f3s a pris\u00e3o do l\u00edder ind\u00edgena Jos\u00e9 Acacio Xerere Xavante, apoiador do presidente Jair Bolsonaro, no in\u00edcio do m\u00eas, e tamb\u00e9m a tentativa de atentado a bomba revelada com a pris\u00e3o do suspeito George Washington de Oliveira Sousa, em 24 de dezembro.<\/p>\n\n\n\n<p>Na decis\u00e3o desta quarta-feira (28), Moraes lamentou a pr\u00e1tica de atos que podem ser enquadrados como crimes contra o Estado Democr\u00e1tico de Direito por parte de grupos extremistas.<\/p>\n\n\n\n<p>\u201cLamentavelmente, grupos extremistas \u2013 financiados por empres\u00e1rios inescrupulosos, explorando criminosa e fraudulentamente a boa-f\u00e9 de diversos eleitores, principalmente com a utiliza\u00e7\u00e3o de covardes mil\u00edcias digitais e sob a coniv\u00eancia de determinadas autoridades p\u00fablicas, cuja responsabilidade por omiss\u00e3o ou coniv\u00eancia ser\u00e3o apuradas \u2013 vem praticando fatos tipificados expressamente, tanto na Lei n\u00b0 14.197, de 1\u00ba de setembro de 2021, relativos aos crimes contra o Estado Democr\u00e1tico de Direito, quanto na Lei n\u00b0 13.260, de 16 de mar\u00e7o de 2016, que regulamenta o disposto no inciso XLIII do artigo 5\u00ba da Constitui\u00e7\u00e3o Federal, disciplinando o combate ao terrorismo, inclusive punindo os atos preparat\u00f3rios\u201d, escreveu o ministro.<\/p>\n\n\n\n<p>A suspens\u00e3o tempor\u00e1ria do porte de armas de fogo n\u00e3o se aplica aos membros das For\u00e7as Armadas, aos integrantes do Sistema \u00danico de Seguran\u00e7a P\u00fablica (SUSP), aos membros da Pol\u00edcia Legislativa e Judicial e as empresas de seguran\u00e7a privada e de transporte de valores.<\/p>\n","protected":false},"excerpt":{"rendered":"<p>O ministro Alexandre de Moraes, do Supremo Tribunal Federal (STF), determinou a restri\u00e7\u00e3o tempor\u00e1ria do porte de armas de fogo no territ\u00f3rio do Distrito Federal, a partir das 18h de hoje (28) at\u00e9 o pr\u00f3ximo dia 2 de janeiro. A decis\u00e3o pesa sobre \u201ctodas as esp\u00e9cies de porte de armas, bem como do transporte de [&hellip;]<\/p>\n","protected":false},"author":2,"featured_media":14114,"comment_status":"open","ping_status":"open","sticky":false,"template":"","format":"standard","meta":[],"categories":[10],"tags":[],"_links":{"self":[{"href":"https:\/\/dgospel.com.br\/portal\/index.php\/wp-json\/wp\/v2\/posts\/14113"}],"collection":[{"href":"https:\/\/dgospel.com.br\/portal\/index.php\/wp-json\/wp\/v2\/posts"}],"about":[{"href":"https:\/\/dgospel.com.br\/portal\/index.php\/wp-json\/wp\/v2\/types\/post"}],"author":[{"embeddable":true,"href":"https:\/\/dgospel.com.br\/portal\/index.php\/wp-json\/wp\/v2\/users\/2"}],"replies":[{"embeddable":true,"href":"https:\/\/dgospel.com.br\/portal\/index.php\/wp-json\/wp\/v2\/comments?post=14113"}],"version-history":[{"count":1,"href":"https:\/\/dgospel.com.br\/portal\/index.php\/wp-json\/wp\/v2\/posts\/14113\/revisions"}],"predecessor-version":[{"id":14115,"href":"https:\/\/dgospel.com.br\/portal\/index.php\/wp-json\/wp\/v2\/posts\/14113\/revisions\/14115"}],"wp:featuredmedia":[{"embeddable":true,"href":"https:\/\/dgospel.com.br\/portal\/index.php\/wp-json\/wp\/v2\/media\/14114"}],"wp:attachment":[{"href":"https:\/\/dgospel.com.br\/portal\/index.php\/wp-json\/wp\/v2\/media?parent=14113"}],"wp:term":[{"taxonomy":"category","embeddable":true,"href":"https:\/\/dgospel.com.br\/portal\/index.php\/wp-json\/wp\/v2\/categories?post=14113"},{"taxonomy":"post_tag","embeddable":true,"href":"https:\/\/dgospel.com.br\/portal\/index.php\/wp-json\/wp\/v2\/tags?post=14113"}],"curies":[{"name":"wp","href":"https:\/\/api.w.org\/{rel}","templated":true}]}}