{"id":14116,"date":"2022-12-28T15:08:42","date_gmt":"2022-12-28T18:08:42","guid":{"rendered":"http:\/\/dgospel.com.br\/portal\/?p=14116"},"modified":"2022-12-28T15:08:43","modified_gmt":"2022-12-28T18:08:43","slug":"lula-vai-voltar-a-cobrar-imposto-sobre-combustiveis","status":"publish","type":"post","link":"https:\/\/dgospel.com.br\/portal\/index.php\/2022\/12\/28\/lula-vai-voltar-a-cobrar-imposto-sobre-combustiveis\/","title":{"rendered":"Lula vai voltar a cobrar imposto sobre combust\u00edveis"},"content":{"rendered":"\n<p>O ministro de Minas e Energia,&nbsp;<strong><a href=\"https:\/\/twitter.com\/ASachsida\/status\/1608067837817491456\" target=\"_blank\" rel=\"noreferrer noopener\">Adolfo Sachsida<\/a><\/strong>, criticou nesta quarta-feira, 28, a solicita\u00e7\u00e3o do futuro ministro da Fazenda, Fernando Haddad (PT), para o governo atual n\u00e3o prorrogar a desonera\u00e7\u00e3o dos combust\u00edveis para o pr\u00f3ximo ano. A decis\u00e3o de voltar a cobrar o imposto sobre a gasolina, o diesel e o etanol atende a pedido do presidente eleito, Luiz In\u00e1cio Lula da Silva (PT).<\/p>\n\n\n\n<p>Em v\u00eddeo publicado na sua conta pessoal do Twitter, Sachsida diz que o pre\u00e7o da gasolina vai aumentar aproximadamente R$ 0,69 a partir de janeiro, enquanto o diesel subir\u00e1 R$ 0,33 e o etanol, R$ 0,24.<\/p>\n\n\n\n<p>O impacto da volta dos tributos federais nos combust\u00edveis foi fruto de um levantamento do&nbsp;<strong><a href=\"https:\/\/cbie.com.br\/\" target=\"_blank\" rel=\"noreferrer noopener\">Centro Brasileiro de Infraestrutura<\/a><\/strong>&nbsp;(CBIE). A isen\u00e7\u00e3o do PIS e da Cofins, assinada pelo presidente&nbsp;<strong><a href=\"https:\/\/twitter.com\/jairbolsonaro\" target=\"_blank\" rel=\"noreferrer noopener\">Jair Bolsonaro<\/a><\/strong>&nbsp;(PL), vale at\u00e9 o pr\u00f3ximo dia 31 de dezembro.<\/p>\n\n\n\n<p>\u201c\u00c9 uma escolha do novo governo\u201d, afirmou Sachsida. \u201cO novo governo optou por um modelo de mais gasto p\u00fablico. \u00c9 a PEC da Gastan\u00e7a. Como gasta muito, tem de arrecadar muito\u201d, finalizou.<\/p>\n\n\n\n<p>A inten\u00e7\u00e3o do governo petista \u00e9 criar um mecanismo para conter a alta dos combust\u00edveis, como um fundo de recursos de tributos ou a busca por subs\u00eddios, mas ainda n\u00e3o h\u00e1 uma defini\u00e7\u00e3o final sobre o assunto nem de onde vai vir a fonte dos recursos.<\/p>\n","protected":false},"excerpt":{"rendered":"<p>O ministro de Minas e Energia,&nbsp;Adolfo Sachsida, criticou nesta quarta-feira, 28, a solicita\u00e7\u00e3o do futuro ministro da Fazenda, Fernando Haddad (PT), para o governo atual n\u00e3o prorrogar a desonera\u00e7\u00e3o dos combust\u00edveis para o pr\u00f3ximo ano. A decis\u00e3o de voltar a cobrar o imposto sobre a gasolina, o diesel e o etanol atende a pedido do [&hellip;]<\/p>\n","protected":false},"author":2,"featured_media":14117,"comment_status":"open","ping_status":"open","sticky":false,"template":"","format":"standard","meta":[],"categories":[4],"tags":[],"_links":{"self":[{"href":"https:\/\/dgospel.com.br\/portal\/index.php\/wp-json\/wp\/v2\/posts\/14116"}],"collection":[{"href":"https:\/\/dgospel.com.br\/portal\/index.php\/wp-json\/wp\/v2\/posts"}],"about":[{"href":"https:\/\/dgospel.com.br\/portal\/index.php\/wp-json\/wp\/v2\/types\/post"}],"author":[{"embeddable":true,"href":"https:\/\/dgospel.com.br\/portal\/index.php\/wp-json\/wp\/v2\/users\/2"}],"replies":[{"embeddable":true,"href":"https:\/\/dgospel.com.br\/portal\/index.php\/wp-json\/wp\/v2\/comments?post=14116"}],"version-history":[{"count":1,"href":"https:\/\/dgospel.com.br\/portal\/index.php\/wp-json\/wp\/v2\/posts\/14116\/revisions"}],"predecessor-version":[{"id":14118,"href":"https:\/\/dgospel.com.br\/portal\/index.php\/wp-json\/wp\/v2\/posts\/14116\/revisions\/14118"}],"wp:featuredmedia":[{"embeddable":true,"href":"https:\/\/dgospel.com.br\/portal\/index.php\/wp-json\/wp\/v2\/media\/14117"}],"wp:attachment":[{"href":"https:\/\/dgospel.com.br\/portal\/index.php\/wp-json\/wp\/v2\/media?parent=14116"}],"wp:term":[{"taxonomy":"category","embeddable":true,"href":"https:\/\/dgospel.com.br\/portal\/index.php\/wp-json\/wp\/v2\/categories?post=14116"},{"taxonomy":"post_tag","embeddable":true,"href":"https:\/\/dgospel.com.br\/portal\/index.php\/wp-json\/wp\/v2\/tags?post=14116"}],"curies":[{"name":"wp","href":"https:\/\/api.w.org\/{rel}","templated":true}]}}