{"id":14125,"date":"2022-12-29T11:37:37","date_gmt":"2022-12-29T14:37:37","guid":{"rendered":"http:\/\/dgospel.com.br\/portal\/?p=14125"},"modified":"2022-12-29T11:37:39","modified_gmt":"2022-12-29T14:37:39","slug":"ultimo-governador-de-oposicao-a-morales-e-preso-na-bolivia","status":"publish","type":"post","link":"https:\/\/dgospel.com.br\/portal\/index.php\/2022\/12\/29\/ultimo-governador-de-oposicao-a-morales-e-preso-na-bolivia\/","title":{"rendered":"\u00daltimo governador de oposi\u00e7\u00e3o a Morales \u00e9 preso na Bol\u00edvia"},"content":{"rendered":"\n<p>Luiz Fernando Camacho, governador do departamento (o que equivale aos estados brasileiros) de Santa Cruz, foi preso na quarta-feira, 28, pela pol\u00edcia, segundo o procurador Eduardo del Castillo. Ele era o principal e \u00faltimo opositor ao governo de esquerda de Luis Arce, Camacho tamb\u00e9m foi articulador do movimento que levou \u00e0 ren\u00fancia de Evo Morales, em 2019.<\/p>\n\n\n\n<p>Camacho lidera a alian\u00e7a&nbsp;<em>Creemos e&nbsp;<\/em>era investigado pela queda do ex-presidente Evo Morales. A acusa\u00e7\u00e3o \u00e9 que ele promoveu protestos regionais contra o adiamento do censo populacional boliviano.<\/p>\n\n\n\n<p>Os protestos convocados em Santa Cruz, o departamento mais rico da Bol\u00edvia, paralisaram estradas por 36 dias e terminaram com um acordo entre a oposi\u00e7\u00e3o e o governo que garantiu a realiza\u00e7\u00e3o do censo, permitindo a atualiza\u00e7\u00e3o do n\u00famero de cadeiras no congresso boliviano antes das elei\u00e7\u00f5es legislativas e presidenciais de 2025.<\/p>\n\n\n\n<p><\/p>\n\n\n\n<figure class=\"wp-block-image size-full\"><img loading=\"lazy\" width=\"533\" height=\"285\" src=\"http:\/\/dgospel.com.br\/portal\/wp-content\/uploads\/2022\/12\/0000-3.jpg\" alt=\"\" class=\"wp-image-14126\" srcset=\"https:\/\/dgospel.com.br\/portal\/wp-content\/uploads\/2022\/12\/0000-3.jpg 533w, https:\/\/dgospel.com.br\/portal\/wp-content\/uploads\/2022\/12\/0000-3-300x160.jpg 300w, https:\/\/dgospel.com.br\/portal\/wp-content\/uploads\/2022\/12\/0000-3-250x135.jpg 250w\" sizes=\"(max-width: 533px) 100vw, 533px\" \/><\/figure>\n\n\n\n<p>Dois ex-presidentes da Bol\u00edvia, Jeanine A\u00f1ez e Jorge Quiroga, demonstraram apoio a Camacho e denunciaram a arbitrariedade da pris\u00e3o, que classificaram como sequestro. \u201cMontaram uma megaopera\u00e7\u00e3o policial-militar para sequestrar o governador\u201d, disse A\u00f1ez em sua conta no Twitter.<\/p>\n\n\n\n<p>O<strong><a rel=\"noreferrer noopener\" href=\"https:\/\/twitter.com\/GobSantaCruz\/status\/1608178452905050112\" target=\"_blank\">\u00a0Governo de Santa Cruz<\/a><\/strong>\u00a0tamb\u00e9m repudiou a opera\u00e7\u00e3o policial.<\/p>\n\n\n\n<p><\/p>\n\n\n\n<figure class=\"wp-block-image size-full\"><img loading=\"lazy\" width=\"543\" height=\"358\" src=\"http:\/\/dgospel.com.br\/portal\/wp-content\/uploads\/2022\/12\/000000-2.jpg\" alt=\"\" class=\"wp-image-14127\" srcset=\"https:\/\/dgospel.com.br\/portal\/wp-content\/uploads\/2022\/12\/000000-2.jpg 543w, https:\/\/dgospel.com.br\/portal\/wp-content\/uploads\/2022\/12\/000000-2-300x198.jpg 300w, https:\/\/dgospel.com.br\/portal\/wp-content\/uploads\/2022\/12\/000000-2-120x78.jpg 120w\" sizes=\"(max-width: 543px) 100vw, 543px\" \/><\/figure>\n\n\n\n<h2>Quem \u00e9 Luis Fernando Camacho<\/h2>\n\n\n\n<p>Advogado de 41 anos e mestre em direito tribut\u00e1rio pela Universidade de Barcelona, \u200b\u200b\u200b\u200bCamacho ganhou destaque como presidente do Comit\u00ea Pr\u00f3-Santa Cruz, um comit\u00ea representativo de entidades empresariais, de bairro e trabalhistas de direita da maior regi\u00e3o da Bol\u00edvia.<\/p>\n\n\n\n<p>Ap\u00f3s as elei\u00e7\u00f5es de 20 de outubro de 2019, ele convocou os primeiros protestos para denunciar supostas fraudes nas urnas. Na noite de 4 de novembro, enquanto os protestos aumentavam, Camacho voou para La Paz levando a carta de demiss\u00e3o que ele mesmo redigiu para o ent\u00e3o presidente.<\/p>\n\n\n\n<p>Na Bol\u00edvia, ele \u00e9 comparado ao venezuelano<a rel=\"noreferrer noopener\" href=\"https:\/\/revistaoeste.com\/mundo\/o-futuro-dos-diplomatas-de-juan-guaido-no-brasil\/\" target=\"_blank\"><strong>\u00a0Juan Guaid\u00f3<\/strong><\/a>, que liderou a tentativa de retomada democr\u00e1tica na Venezuela em oposi\u00e7\u00e3o ao governo de Nicol\u00e1s Maudro.<\/p>\n\n\n\n<p><\/p>\n","protected":false},"excerpt":{"rendered":"<p>Luiz Fernando Camacho, governador do departamento (o que equivale aos estados brasileiros) de Santa Cruz, foi preso na quarta-feira, 28, pela pol\u00edcia, segundo o procurador Eduardo del Castillo. Ele era o principal e \u00faltimo opositor ao governo de esquerda de Luis Arce, Camacho tamb\u00e9m foi articulador do movimento que levou \u00e0 ren\u00fancia de Evo Morales, [&hellip;]<\/p>\n","protected":false},"author":2,"featured_media":14128,"comment_status":"open","ping_status":"open","sticky":false,"template":"","format":"standard","meta":[],"categories":[16],"tags":[],"_links":{"self":[{"href":"https:\/\/dgospel.com.br\/portal\/index.php\/wp-json\/wp\/v2\/posts\/14125"}],"collection":[{"href":"https:\/\/dgospel.com.br\/portal\/index.php\/wp-json\/wp\/v2\/posts"}],"about":[{"href":"https:\/\/dgospel.com.br\/portal\/index.php\/wp-json\/wp\/v2\/types\/post"}],"author":[{"embeddable":true,"href":"https:\/\/dgospel.com.br\/portal\/index.php\/wp-json\/wp\/v2\/users\/2"}],"replies":[{"embeddable":true,"href":"https:\/\/dgospel.com.br\/portal\/index.php\/wp-json\/wp\/v2\/comments?post=14125"}],"version-history":[{"count":1,"href":"https:\/\/dgospel.com.br\/portal\/index.php\/wp-json\/wp\/v2\/posts\/14125\/revisions"}],"predecessor-version":[{"id":14129,"href":"https:\/\/dgospel.com.br\/portal\/index.php\/wp-json\/wp\/v2\/posts\/14125\/revisions\/14129"}],"wp:featuredmedia":[{"embeddable":true,"href":"https:\/\/dgospel.com.br\/portal\/index.php\/wp-json\/wp\/v2\/media\/14128"}],"wp:attachment":[{"href":"https:\/\/dgospel.com.br\/portal\/index.php\/wp-json\/wp\/v2\/media?parent=14125"}],"wp:term":[{"taxonomy":"category","embeddable":true,"href":"https:\/\/dgospel.com.br\/portal\/index.php\/wp-json\/wp\/v2\/categories?post=14125"},{"taxonomy":"post_tag","embeddable":true,"href":"https:\/\/dgospel.com.br\/portal\/index.php\/wp-json\/wp\/v2\/tags?post=14125"}],"curies":[{"name":"wp","href":"https:\/\/api.w.org\/{rel}","templated":true}]}}