{"id":1413,"date":"2018-09-24T09:17:50","date_gmt":"2018-09-24T12:17:50","guid":{"rendered":"http:\/\/dgospel.com.br\/portal\/?p=1413"},"modified":"2018-09-24T16:27:16","modified_gmt":"2018-09-24T19:27:16","slug":"obras-de-carlesse-incomodam-amastha-que-pede-retirada-de-placas-na-justica","status":"publish","type":"post","link":"https:\/\/dgospel.com.br\/portal\/index.php\/2018\/09\/24\/obras-de-carlesse-incomodam-amastha-que-pede-retirada-de-placas-na-justica\/","title":{"rendered":"Obras de Carlesse incomodam Amastha que pede retirada de placas na Justi\u00e7a"},"content":{"rendered":"<p class=\"yiv8030772846MsoNormal\">As obras do governo Mauro Carlesse (PHS) tem incomodado o candidato Carlos Amastha (PSB), que al\u00e9m de n\u00e3o apresentar propostas e apenas criticar, agora recorreu \u00e0 Justi\u00e7a Eleitoral, para que as placas indicativas das obras estaduais sejam retiradas. A iniciativa do candidato oposicionista chama a aten\u00e7\u00e3o uma vez que Amastha, ao pedir a retirada das placas, admite que Carlesse t\u00eam reiniciado as obras que estavam paradas h\u00e1 muito tempo e come\u00e7ado outras novas.<\/p>\n<p class=\"yiv8030772846MsoNormal\">A decis\u00e3o da Justi\u00e7a Eleitoral determinando a retirada de placas indicativas de obras foi publicada neste s\u00e1bado, 22, e o Governo do Estado j\u00e1 divulgou que ir\u00e1 cumprir a decis\u00e3o, mesmo em tempos em que a popula\u00e7\u00e3o exige o rigoroso controle social e a transpar\u00eancia na utiliza\u00e7\u00e3o dos recursos p\u00fablicos. As placas indicativas das obras informam \u00e0 popula\u00e7\u00e3o qual obra que est\u00e1 sendo constru\u00edda, os valores investidos, a origem dos recursos, o prazo para conclus\u00e3o das obras, qual o \u00f3rg\u00e3o executor, e a empresa que venceu a licita\u00e7\u00e3o para execut\u00e1-las.<\/p>\n<p class=\"yiv8030772846MsoNormal\">\u201cAs placas ser\u00e3o retiradas, mas as obras v\u00e3o continuar, pois mesmo que elas estejam incomodando a oposi\u00e7\u00e3o, a popula\u00e7\u00e3o precisa de melhorias e o nosso Governo tem o compromisso com a nossa gente, de n\u00e3o deixar obras paradas e de fazer o bom uso do recurso p\u00fablico\u201d, afirmou Carlesse.<\/p>\n<p class=\"yiv8030772846MsoNormal\">Entre as obras atacadas por Amastha na a\u00e7\u00e3o est\u00e3o: a duplica\u00e7\u00e3o do Anel Vi\u00e1rio de Palmas (Avenida NS-15) que estava parada at\u00e9 Carlesse assumir, foi retomada e a primeira etapa est\u00e1 em fase de conclus\u00e3o. E tamb\u00e9m as reformas de tr\u00eas gin\u00e1sios de esportes em Aragua\u00edna, al\u00e9m de reformas de secretarias, constru\u00e7\u00e3o de pr\u00e9dios p\u00fablicos e escolas.<\/p>\n<p class=\"yiv8030772846MsoNormal\">Al\u00e9m das obras citadas na a\u00e7\u00e3o oposicionista, o governador Mauro Carlesse lembra que est\u00e1 realizando obras por todo o Tocantins, como o recapeamento de 24 trechos de rodovias estaduais, totalizando 1.400 km de asfalto novo; o asfaltamento do Jardim Taquari, em Palmas; a constru\u00e7\u00e3o de uma Pra\u00e7a, no local onde existia uma enorme cratera na TO-222, em Aragua\u00edna (burac\u00e3o da Avenida Filadelfia); a constru\u00e7\u00e3o do Hospital Geral de Gurupi; a implanta\u00e7\u00e3o de 20 novos leitos de UTI no Hospital Regional de Gurupi, sendo 10 para crian\u00e7as; a constru\u00e7\u00e3o do bunker e a efetiva instala\u00e7\u00e3o da m\u00e1quina de radioterapia no Hospital Regional de Aragua\u00edna (que estava parada h\u00e1 4 anos); a revitaliza\u00e7\u00e3o dos projetos de fruticultura S\u00e3o Jo\u00e3o e Manoel Alves; o rein\u00edcio das obras nas escolas de tempo integral e a reformas de escolas e gin\u00e1sios de esportes, dentre outras.<\/p>\n<p class=\"yiv8030772846MsoNormal\">\n","protected":false},"excerpt":{"rendered":"<p>As obras do governo Mauro Carlesse (PHS) tem incomodado o candidato Carlos Amastha (PSB), que al\u00e9m de n\u00e3o apresentar propostas e apenas criticar, agora recorreu \u00e0 Justi\u00e7a Eleitoral, para que as placas indicativas das obras estaduais sejam retiradas. A iniciativa do candidato oposicionista chama a aten\u00e7\u00e3o uma vez que Amastha, ao pedir a retirada das [&hellip;]<\/p>\n","protected":false},"author":2,"featured_media":1312,"comment_status":"open","ping_status":"open","sticky":false,"template":"","format":"standard","meta":[],"categories":[2,4],"tags":[],"_links":{"self":[{"href":"https:\/\/dgospel.com.br\/portal\/index.php\/wp-json\/wp\/v2\/posts\/1413"}],"collection":[{"href":"https:\/\/dgospel.com.br\/portal\/index.php\/wp-json\/wp\/v2\/posts"}],"about":[{"href":"https:\/\/dgospel.com.br\/portal\/index.php\/wp-json\/wp\/v2\/types\/post"}],"author":[{"embeddable":true,"href":"https:\/\/dgospel.com.br\/portal\/index.php\/wp-json\/wp\/v2\/users\/2"}],"replies":[{"embeddable":true,"href":"https:\/\/dgospel.com.br\/portal\/index.php\/wp-json\/wp\/v2\/comments?post=1413"}],"version-history":[{"count":1,"href":"https:\/\/dgospel.com.br\/portal\/index.php\/wp-json\/wp\/v2\/posts\/1413\/revisions"}],"predecessor-version":[{"id":1414,"href":"https:\/\/dgospel.com.br\/portal\/index.php\/wp-json\/wp\/v2\/posts\/1413\/revisions\/1414"}],"wp:featuredmedia":[{"embeddable":true,"href":"https:\/\/dgospel.com.br\/portal\/index.php\/wp-json\/wp\/v2\/media\/1312"}],"wp:attachment":[{"href":"https:\/\/dgospel.com.br\/portal\/index.php\/wp-json\/wp\/v2\/media?parent=1413"}],"wp:term":[{"taxonomy":"category","embeddable":true,"href":"https:\/\/dgospel.com.br\/portal\/index.php\/wp-json\/wp\/v2\/categories?post=1413"},{"taxonomy":"post_tag","embeddable":true,"href":"https:\/\/dgospel.com.br\/portal\/index.php\/wp-json\/wp\/v2\/tags?post=1413"}],"curies":[{"name":"wp","href":"https:\/\/api.w.org\/{rel}","templated":true}]}}