{"id":14136,"date":"2022-12-30T12:36:30","date_gmt":"2022-12-30T15:36:30","guid":{"rendered":"http:\/\/dgospel.com.br\/portal\/?p=14136"},"modified":"2022-12-30T12:36:31","modified_gmt":"2022-12-30T15:36:31","slug":"governo-brasileiro-libera-entrada-de-maduro-para-posse-de-lula","status":"publish","type":"post","link":"https:\/\/dgospel.com.br\/portal\/index.php\/2022\/12\/30\/governo-brasileiro-libera-entrada-de-maduro-para-posse-de-lula\/","title":{"rendered":"Governo brasileiro libera entrada de Maduro para posse de Lula"},"content":{"rendered":"\n<p>A&nbsp;<a href=\"https:\/\/portaldeimigracao.mj.gov.br\/images\/portarias\/PORTARIA_INTERMINISTERIAL_N%C2%BA_7_DE_19_DE_AGOSTO_DE_2019.pdf\" target=\"_blank\" rel=\"noreferrer noopener\"><strong>portaria interministerial n\u00ba 7, de 19 de agosto de 2019<\/strong><\/a>, que impedia a entrada do ditador venezuelano Nicol\u00e1s Maduro no Brasil, foi revogada nesta sexta-feira, 30. A informa\u00e7\u00e3o foi publicada no&nbsp;<em>Di\u00e1rio Oficial da Uni\u00e3o<\/em>. Assinam o documento o ministro substituto Antonio Ramirez Lorenzo, da Justi\u00e7a e Seguran\u00e7a P\u00fablica, e o ministro Carlos Alberto Franco Fran\u00e7a, das Rela\u00e7\u00f5es Exteriores.<\/p>\n\n\n\n<p>A revis\u00e3o do veto a delega\u00e7\u00f5es de Caracas foi um pedido do presidente eleito, Luiz In\u00e1cio Lula da Silva, que pretende ter o ditador e outros l\u00edderes de esquerda ao seu lado na posse em Bras\u00edlia, no domingo 1\u00b0. Inicialmente, o presidente Jair Bolsonaro e seus assessores para assuntos internacionais resistiam em revogar a portaria.<\/p>\n\n\n\n<p>O documento impedindo a entrada de Maduro era assinado pelos ent\u00e3o ministros Ernesto Ara\u00fajo (Rela\u00e7\u00f5es Exteriores) e Sergio Moro (Justi\u00e7a e Seguran\u00e7a P\u00fablica).<\/p>\n\n\n\n<p>\u201cDetermina-se o impedimento de ingresso no Brasil de altos funcion\u00e1rios do regime venezuelano, que, por seus atos, contrariam princ\u00edpios e objetivos da Constitui\u00e7\u00e3o Federal, atentando contra a democracia, a dignidade da pessoa humana e a preval\u00eancia dos direitos humanos\u201d, estabelecia o texto do governo.<\/p>\n\n\n\n<p>O documento fundamentava-se em resolu\u00e7\u00f5es do Grupo de Lima, reuni\u00e3o de chanceleres de 12 pa\u00edses de todo o continente americano que analisa a quest\u00e3o venezuelana e pressiona pelo fim do regime de extrema-esquerda. O Brasil faz parte do grupo, que se enfraqueceu \u00e0 medida a direita foi perdendo as elei\u00e7\u00f5es.<\/p>\n\n\n\n<p>Com a volta de Lula ao poder, a rela\u00e7\u00e3o entre Brasil e&nbsp;Venezuela vai mudar drasticamente, visto que o petista e Maduro s\u00e3o aliados e membros do Foro de S\u00e3o Paulo (atual Grupo de Puebla). O presidente Juan Guaid\u00f3 deixar\u00e1 de ser reconhecido como leg\u00edtimo, como o foi durante o governo Jair Bolsonaro.<\/p>\n","protected":false},"excerpt":{"rendered":"<p>A&nbsp;portaria interministerial n\u00ba 7, de 19 de agosto de 2019, que impedia a entrada do ditador venezuelano Nicol\u00e1s Maduro no Brasil, foi revogada nesta sexta-feira, 30. A informa\u00e7\u00e3o foi publicada no&nbsp;Di\u00e1rio Oficial da Uni\u00e3o. Assinam o documento o ministro substituto Antonio Ramirez Lorenzo, da Justi\u00e7a e Seguran\u00e7a P\u00fablica, e o ministro Carlos Alberto Franco Fran\u00e7a, [&hellip;]<\/p>\n","protected":false},"author":2,"featured_media":14137,"comment_status":"open","ping_status":"open","sticky":false,"template":"","format":"standard","meta":[],"categories":[16],"tags":[],"_links":{"self":[{"href":"https:\/\/dgospel.com.br\/portal\/index.php\/wp-json\/wp\/v2\/posts\/14136"}],"collection":[{"href":"https:\/\/dgospel.com.br\/portal\/index.php\/wp-json\/wp\/v2\/posts"}],"about":[{"href":"https:\/\/dgospel.com.br\/portal\/index.php\/wp-json\/wp\/v2\/types\/post"}],"author":[{"embeddable":true,"href":"https:\/\/dgospel.com.br\/portal\/index.php\/wp-json\/wp\/v2\/users\/2"}],"replies":[{"embeddable":true,"href":"https:\/\/dgospel.com.br\/portal\/index.php\/wp-json\/wp\/v2\/comments?post=14136"}],"version-history":[{"count":1,"href":"https:\/\/dgospel.com.br\/portal\/index.php\/wp-json\/wp\/v2\/posts\/14136\/revisions"}],"predecessor-version":[{"id":14138,"href":"https:\/\/dgospel.com.br\/portal\/index.php\/wp-json\/wp\/v2\/posts\/14136\/revisions\/14138"}],"wp:featuredmedia":[{"embeddable":true,"href":"https:\/\/dgospel.com.br\/portal\/index.php\/wp-json\/wp\/v2\/media\/14137"}],"wp:attachment":[{"href":"https:\/\/dgospel.com.br\/portal\/index.php\/wp-json\/wp\/v2\/media?parent=14136"}],"wp:term":[{"taxonomy":"category","embeddable":true,"href":"https:\/\/dgospel.com.br\/portal\/index.php\/wp-json\/wp\/v2\/categories?post=14136"},{"taxonomy":"post_tag","embeddable":true,"href":"https:\/\/dgospel.com.br\/portal\/index.php\/wp-json\/wp\/v2\/tags?post=14136"}],"curies":[{"name":"wp","href":"https:\/\/api.w.org\/{rel}","templated":true}]}}