{"id":14139,"date":"2022-12-30T13:02:42","date_gmt":"2022-12-30T16:02:42","guid":{"rendered":"http:\/\/dgospel.com.br\/portal\/?p=14139"},"modified":"2022-12-30T13:02:43","modified_gmt":"2022-12-30T16:02:43","slug":"o-oxigenio-da-democracia-e-a-liberdade-diz-bolsonaro-em-ultimo-discurso","status":"publish","type":"post","link":"https:\/\/dgospel.com.br\/portal\/index.php\/2022\/12\/30\/o-oxigenio-da-democracia-e-a-liberdade-diz-bolsonaro-em-ultimo-discurso\/","title":{"rendered":"\u2018O oxig\u00eanio da democracia \u00e9 a liberdade\u2019, diz Bolsonaro em \u00faltimo discurso"},"content":{"rendered":"\n<p>O presidente Jair Bolsonaro fez seu&nbsp;<a href=\"https:\/\/www.youtube.com\/watch?v=mAIsBFyM_ZY\" target=\"_blank\" rel=\"noreferrer noopener\"><strong>\u00faltimo discurso<\/strong><\/a>&nbsp;no cargo nesta sexta-feira, 30. No tradicional modelo de transmiss\u00e3o ao vivo no gabinete do Pal\u00e1cio do Planalto, ele apresentou o legado econ\u00f4mico que deixa para o pa\u00eds depois de quatro anos, metade deles sob os efeitos dram\u00e1ticos da pandemia. Fez quest\u00e3o de condenar os atos terroristas ocorridos em Bras\u00edlia depois das elei\u00e7\u00f5es. Disse que as manifesta\u00e7\u00f5es pac\u00edficas e espont\u00e2neas de milhares de pessoas, insatisfeitas com o triunfo da indec\u00eancia, na porta dos quart\u00e9is do Ex\u00e9rcito n\u00e3o ser\u00e3o esquecidas nem perdidas. E deixou claro que a luta do brasileiro deve ser por restabelecer a liberdade.<\/p>\n\n\n\n<p>\u201cEssa falta de liberdade que estamos vivendo n\u00e3o \u00e9 de hoje e prejudica a democracia\u201d, disse. \u201cSe isso continuar no futuro, vai pegar todo mundo. Sempre lutamos por democracia, liberdade, respeito as leis e a Constitui\u00e7\u00e3o. Passei quatro anos mostrando a import\u00e2ncia da liberdade para a democracia. O oxig\u00eanio da democracia \u00e9 a liberdade em toda a sua plenitude.\u201d<\/p>\n\n\n\n<p>Segundo o presidente, nenhum chefe de Estado no pa\u00eds enfrentou algo parecido com a pandemia de covid-19 e a invas\u00e3o russa \u00e0 Ucr\u00e2nia. \u201cTodos sofreram. As mortes foram irrecuper\u00e1veis.\u201d<\/p>\n\n\n\n<p>O chefe do Executivo ainda lembrou o atentado da facada que sofreu em 2018. Segundo ele, apesar do crime, conseguiu sair vitorioso daquela elei\u00e7\u00e3o. \u201cSe a facada tivesse sido fatal, como estaria o Brasil hoje em dia?\u201d, interpelou Bolsonaro. \u201cA facada foi dada por um ex-filiado do Psol e a imprensa n\u00e3o bateu nisso. Se uma pessoa faz algo errado hoje dia, \u00e9 taxada de \u2018bolsonarista\u2019. Durante a campanha houve uma trag\u00e9dia em Foz do Igua\u00e7u e taxaram o homem de \u2018bolsonarista\u2019. Nada justifica o que ele fez. Assim como nada justifica esse ato terrorista que aconteceu aqui em Bras\u00edlia no aeroporto.\u201d<\/p>\n\n\n\n<p>No domingo 1\u00b0, dia da posse do presidente eleito, Luiz In\u00e1cio Lula da Silva, Bolsonaro n\u00e3o estar\u00e1 mais no Brasil. Ele embarca para os EUA \u2014 vai passar um m\u00eas no pa\u00eds. A informa\u00e7\u00e3o sobre a viagem foi publicada no&nbsp;<em>Di\u00e1rio Oficial da Uni\u00e3o<\/em>&nbsp;hoje. Ele ter\u00e1 compromissos como ex-presidente de 1 a 30 de janeiro, inicialmente em Miami. Cinco auxiliares v\u00e3o acompanh\u00e1-lo, em rod\u00edzio de datas, para seguran\u00e7a e apoio nesse per\u00edodo.<\/p>\n\n\n\n<h2>\u2018Nada vai ficar perdido\u2019<\/h2>\n\n\n\n<p>O presidente destacou que reconhece as manifesta\u00e7\u00f5es que acontecem h\u00e1 mais de 55 dias em frente aos quart\u00e9is-generais. \u201cIsso despertou algo na cabe\u00e7a das pessoas\u201d, disse. \u201cEles entenderam o que tem a perder. Come\u00e7aram se preocupar com o voto respons\u00e1vel. Esse povo que foi para os quart\u00e9is foram pedir socorro, liberdade e respeito \u00e0 Constitui\u00e7\u00e3o. H\u00e1 algo de errado nisso? Est\u00e3o lutando at\u00e9 pelos que os oprimem.\u201d<\/p>\n\n\n\n<p>O chefe do Executivo ainda comparou o tratamento que a imprensa est\u00e1 dando aos manifestantes ao que os&nbsp;<em>black blocs<\/em>&nbsp;recebiam quando deixavam rastros de destrui\u00e7\u00e3o nas ruas. \u201cDurante meus 28 anos em Bras\u00edlia, vi manifesta\u00e7\u00f5es violentas por parte da esquerda, com os&nbsp;<em>black blocks&nbsp;<\/em>e o MST,\u201d, disse. \u201cMas isso nunca foi taxado como ato antidemocr\u00e1tico. Tudo o que \u00e9 feito pela esquerda \u00e9 bacana.\u201d<\/p>\n\n\n\n<p>O presidente disse que o processo eleitoral do Brasil n\u00e3o foi imparcial. \u201cSe voc\u00ea duvidar da urna, isso se torna crime\u201d, afirmou. Segundo ele, o governo Lula vai come\u00e7ar de forma \u201ccapenga\u201d e cheio de arrependidos pelo que fizeram em outubro.<\/p>\n\n\n\n<p>Bolsonaro, contudo, deixou uma mensagem de resili\u00eancia. \u201cO Parlamento que vai tomar posse em fevereiro \u00e9 mais conservador\u201d, disse o presidente. \u201cAinda temos uma massa de pessoas que passaram a entender sobre pol\u00edtica. O bem vai vencer.\u201d<\/p>\n\n\n\n<p>Bolsonaro se emocionou durante a fala e ficou com a voz embargada. Al\u00e9m disso, teve algumas pausas na fala. \u201cMuito obrigado a todos voc\u00eas por me proporcionarem esses quatro anos a frente da Presid\u00eancia da Rep\u00fablica\u201d, agradeceu o presidente. \u201cFui compreendido por muitos e por outros n\u00e3o. Como foi dif\u00edcil ficar dois meses calado, trabalhando e buscando alternativas. At\u00e9 quieto sou atacado pela imprensa. Acredito em voc\u00eas, no Brasil e, principalmente, em Deus. Perdemos batalhas, mas n\u00e3o a guerra.\u201d<\/p>\n","protected":false},"excerpt":{"rendered":"<p>O presidente Jair Bolsonaro fez seu&nbsp;\u00faltimo discurso&nbsp;no cargo nesta sexta-feira, 30. No tradicional modelo de transmiss\u00e3o ao vivo no gabinete do Pal\u00e1cio do Planalto, ele apresentou o legado econ\u00f4mico que deixa para o pa\u00eds depois de quatro anos, metade deles sob os efeitos dram\u00e1ticos da pandemia. Fez quest\u00e3o de condenar os atos terroristas ocorridos em [&hellip;]<\/p>\n","protected":false},"author":2,"featured_media":14140,"comment_status":"open","ping_status":"open","sticky":false,"template":"","format":"standard","meta":[],"categories":[10],"tags":[],"_links":{"self":[{"href":"https:\/\/dgospel.com.br\/portal\/index.php\/wp-json\/wp\/v2\/posts\/14139"}],"collection":[{"href":"https:\/\/dgospel.com.br\/portal\/index.php\/wp-json\/wp\/v2\/posts"}],"about":[{"href":"https:\/\/dgospel.com.br\/portal\/index.php\/wp-json\/wp\/v2\/types\/post"}],"author":[{"embeddable":true,"href":"https:\/\/dgospel.com.br\/portal\/index.php\/wp-json\/wp\/v2\/users\/2"}],"replies":[{"embeddable":true,"href":"https:\/\/dgospel.com.br\/portal\/index.php\/wp-json\/wp\/v2\/comments?post=14139"}],"version-history":[{"count":1,"href":"https:\/\/dgospel.com.br\/portal\/index.php\/wp-json\/wp\/v2\/posts\/14139\/revisions"}],"predecessor-version":[{"id":14141,"href":"https:\/\/dgospel.com.br\/portal\/index.php\/wp-json\/wp\/v2\/posts\/14139\/revisions\/14141"}],"wp:featuredmedia":[{"embeddable":true,"href":"https:\/\/dgospel.com.br\/portal\/index.php\/wp-json\/wp\/v2\/media\/14140"}],"wp:attachment":[{"href":"https:\/\/dgospel.com.br\/portal\/index.php\/wp-json\/wp\/v2\/media?parent=14139"}],"wp:term":[{"taxonomy":"category","embeddable":true,"href":"https:\/\/dgospel.com.br\/portal\/index.php\/wp-json\/wp\/v2\/categories?post=14139"},{"taxonomy":"post_tag","embeddable":true,"href":"https:\/\/dgospel.com.br\/portal\/index.php\/wp-json\/wp\/v2\/tags?post=14139"}],"curies":[{"name":"wp","href":"https:\/\/api.w.org\/{rel}","templated":true}]}}