{"id":14142,"date":"2023-01-06T09:58:58","date_gmt":"2023-01-06T12:58:58","guid":{"rendered":"http:\/\/dgospel.com.br\/portal\/?p=14142"},"modified":"2023-01-06T09:58:59","modified_gmt":"2023-01-06T12:58:59","slug":"em-discurso-de-posse-tebet-confessa-falta-de-afinidade-e-divergencias-com-planejamento","status":"publish","type":"post","link":"https:\/\/dgospel.com.br\/portal\/index.php\/2023\/01\/06\/em-discurso-de-posse-tebet-confessa-falta-de-afinidade-e-divergencias-com-planejamento\/","title":{"rendered":"Em discurso de posse, Tebet confessa falta de afinidade e diverg\u00eancias com Planejamento"},"content":{"rendered":"\n<p>Nesta quinta-feira (5), a ex-senadora Simone Tebet (MDB) tomou posse como ministra do Planejamento e Or\u00e7amento do governo de Lula (PT). Em seu discurso, a ex-parlamentar afirmou ter diverg\u00eancias com pasta para qual foi escolhida pelo petista, al\u00e9m de deixar claro que gostaria de \u201cfazer esse governo dar certo\u201d.<\/p>\n\n\n\n<p>\u201cGratid\u00e3o. Essa \u00e9 palavra que eu gostaria que ficasse registrada como a primeira palavra que sai n\u00e3o s\u00f3 da minha boca, mas do meu cora\u00e7\u00e3o e da minha alma. O Minist\u00e9rio do Planejamento trata do futuro, mas tamb\u00e9m do presente. O planejamento fala do futuro do Brasil que queremos ser, por isso, repito, in\u00edcio as minhas palavras agradecendo\u201d, afirmou Tebet.<\/p>\n\n\n\n<p>\u201cFiquei surpresa, porque fui parar justamente na pauta com a qual tenho alguma diverg\u00eancia, sendo que tenho total sinergia na pauta social e de costumes. Estou ao lado do time da economia que vai fazer a diferen\u00e7a, fazer com que este governo d\u00ea certo, apresentando propostas corretas, para n\u00e3o faltar or\u00e7amento para as pol\u00edticas\u201d, pontuou a ex-senadora.<\/p>\n\n\n\n<p>\u201cComungamos com a vis\u00e3o do ministro da fazenda, Fernando Haddad, da necessidade premente de cuidar dos gastos p\u00fablicos e da aprova\u00e7\u00e3o urgente de uma reforma tribut\u00e1ria, para garantirmos menos tributos sobre o consumo, um sistema tribut\u00e1rio menos regressivo, com simplifica\u00e7\u00e3o e justi\u00e7a tribut\u00e1ria\u201d, declarou a agora ministra.<\/p>\n","protected":false},"excerpt":{"rendered":"<p>Nesta quinta-feira (5), a ex-senadora Simone Tebet (MDB) tomou posse como ministra do Planejamento e Or\u00e7amento do governo de Lula (PT). Em seu discurso, a ex-parlamentar afirmou ter diverg\u00eancias com pasta para qual foi escolhida pelo petista, al\u00e9m de deixar claro que gostaria de \u201cfazer esse governo dar certo\u201d. \u201cGratid\u00e3o. Essa \u00e9 palavra que eu [&hellip;]<\/p>\n","protected":false},"author":2,"featured_media":14143,"comment_status":"open","ping_status":"open","sticky":false,"template":"","format":"standard","meta":[],"categories":[4],"tags":[13],"_links":{"self":[{"href":"https:\/\/dgospel.com.br\/portal\/index.php\/wp-json\/wp\/v2\/posts\/14142"}],"collection":[{"href":"https:\/\/dgospel.com.br\/portal\/index.php\/wp-json\/wp\/v2\/posts"}],"about":[{"href":"https:\/\/dgospel.com.br\/portal\/index.php\/wp-json\/wp\/v2\/types\/post"}],"author":[{"embeddable":true,"href":"https:\/\/dgospel.com.br\/portal\/index.php\/wp-json\/wp\/v2\/users\/2"}],"replies":[{"embeddable":true,"href":"https:\/\/dgospel.com.br\/portal\/index.php\/wp-json\/wp\/v2\/comments?post=14142"}],"version-history":[{"count":1,"href":"https:\/\/dgospel.com.br\/portal\/index.php\/wp-json\/wp\/v2\/posts\/14142\/revisions"}],"predecessor-version":[{"id":14144,"href":"https:\/\/dgospel.com.br\/portal\/index.php\/wp-json\/wp\/v2\/posts\/14142\/revisions\/14144"}],"wp:featuredmedia":[{"embeddable":true,"href":"https:\/\/dgospel.com.br\/portal\/index.php\/wp-json\/wp\/v2\/media\/14143"}],"wp:attachment":[{"href":"https:\/\/dgospel.com.br\/portal\/index.php\/wp-json\/wp\/v2\/media?parent=14142"}],"wp:term":[{"taxonomy":"category","embeddable":true,"href":"https:\/\/dgospel.com.br\/portal\/index.php\/wp-json\/wp\/v2\/categories?post=14142"},{"taxonomy":"post_tag","embeddable":true,"href":"https:\/\/dgospel.com.br\/portal\/index.php\/wp-json\/wp\/v2\/tags?post=14142"}],"curies":[{"name":"wp","href":"https:\/\/api.w.org\/{rel}","templated":true}]}}