{"id":14145,"date":"2023-01-06T10:01:29","date_gmt":"2023-01-06T13:01:29","guid":{"rendered":"http:\/\/dgospel.com.br\/portal\/?p=14145"},"modified":"2023-01-06T10:01:29","modified_gmt":"2023-01-06T13:01:29","slug":"desembargador-sebastiao-coelho-afirma-que-brasil-pode-entrar-em-convulsao-social","status":"publish","type":"post","link":"https:\/\/dgospel.com.br\/portal\/index.php\/2023\/01\/06\/desembargador-sebastiao-coelho-afirma-que-brasil-pode-entrar-em-convulsao-social\/","title":{"rendered":"Desembargador Sebasti\u00e3o Coelho afirma que Brasil pode entrar em \u2018convuls\u00e3o social\u2019"},"content":{"rendered":"\n<p>O desembargador aposentado Sebasti\u00e3o Coelho Filho, declarou que o Brasil vive sob uma ditadura imposta Judici\u00e1rio. A afirma\u00e7\u00e3o aconteceu durante entrevista \u00e0 Revista Oeste.<\/p>\n\n\n\n<p>\u201cN\u00f3s estamos vivendo, neste pa\u00eds chamado Brasil, uma ditadura praticada pelo Judici\u00e1rio, infelizmente\u201d, disse Coelho, pontuando ainda que o modelo usando n\u00e3o permite que cidad\u00e3os recorram a alguma institui\u00e7\u00e3o.<\/p>\n\n\n\n<p>\u201cEu, Sebastiao Coelho Filho, desembargador aposentado, declaro: n\u00e3o tenho o menor respeito pelo STF. Repito: n\u00e3o tenho o menor respeito pelo STF\u201d, disse o jurista ao pedir licen\u00e7a de cargo em 2018.<\/p>\n\n\n\n<p>Coelho explicou que o STF n\u00e3o respeita a Constitui\u00e7\u00e3o, o ordenamento jur\u00eddico, a liberdade das pessoas e o exerc\u00edcio das profiss\u00f5es, mas se posicionou contra o fechamento do Supremo. &nbsp;\u201cN\u00f3s temos que lutar para modificar esse poder. Para chamar esses cidad\u00e3os \u00e0 consci\u00eancia e \u00e0 responsabilidade.\u201d<\/p>\n","protected":false},"excerpt":{"rendered":"<p>O desembargador aposentado Sebasti\u00e3o Coelho Filho, declarou que o Brasil vive sob uma ditadura imposta Judici\u00e1rio. A afirma\u00e7\u00e3o aconteceu durante entrevista \u00e0 Revista Oeste. \u201cN\u00f3s estamos vivendo, neste pa\u00eds chamado Brasil, uma ditadura praticada pelo Judici\u00e1rio, infelizmente\u201d, disse Coelho, pontuando ainda que o modelo usando n\u00e3o permite que cidad\u00e3os recorram a alguma institui\u00e7\u00e3o. \u201cEu, Sebastiao [&hellip;]<\/p>\n","protected":false},"author":2,"featured_media":14146,"comment_status":"open","ping_status":"open","sticky":false,"template":"","format":"standard","meta":[],"categories":[10],"tags":[13],"_links":{"self":[{"href":"https:\/\/dgospel.com.br\/portal\/index.php\/wp-json\/wp\/v2\/posts\/14145"}],"collection":[{"href":"https:\/\/dgospel.com.br\/portal\/index.php\/wp-json\/wp\/v2\/posts"}],"about":[{"href":"https:\/\/dgospel.com.br\/portal\/index.php\/wp-json\/wp\/v2\/types\/post"}],"author":[{"embeddable":true,"href":"https:\/\/dgospel.com.br\/portal\/index.php\/wp-json\/wp\/v2\/users\/2"}],"replies":[{"embeddable":true,"href":"https:\/\/dgospel.com.br\/portal\/index.php\/wp-json\/wp\/v2\/comments?post=14145"}],"version-history":[{"count":1,"href":"https:\/\/dgospel.com.br\/portal\/index.php\/wp-json\/wp\/v2\/posts\/14145\/revisions"}],"predecessor-version":[{"id":14147,"href":"https:\/\/dgospel.com.br\/portal\/index.php\/wp-json\/wp\/v2\/posts\/14145\/revisions\/14147"}],"wp:featuredmedia":[{"embeddable":true,"href":"https:\/\/dgospel.com.br\/portal\/index.php\/wp-json\/wp\/v2\/media\/14146"}],"wp:attachment":[{"href":"https:\/\/dgospel.com.br\/portal\/index.php\/wp-json\/wp\/v2\/media?parent=14145"}],"wp:term":[{"taxonomy":"category","embeddable":true,"href":"https:\/\/dgospel.com.br\/portal\/index.php\/wp-json\/wp\/v2\/categories?post=14145"},{"taxonomy":"post_tag","embeddable":true,"href":"https:\/\/dgospel.com.br\/portal\/index.php\/wp-json\/wp\/v2\/tags?post=14145"}],"curies":[{"name":"wp","href":"https:\/\/api.w.org\/{rel}","templated":true}]}}